{"id":23031,"date":"2019-10-09T14:10:33","date_gmt":"2019-10-09T14:10:33","guid":{"rendered":"https:\/\/sertv.gob.pa\/crisolfm\/?p=23031"},"modified":"2019-10-09T14:19:44","modified_gmt":"2019-10-09T14:19:44","slug":"rendiran-homenaje-a-jose-jose-en-el-palacio-de-bellas-artes-de-mexico","status":"publish","type":"post","link":"https:\/\/sertv.gob.pa\/crisolfm\/rendiran-homenaje-a-jose-jose-en-el-palacio-de-bellas-artes-de-mexico\/","title":{"rendered":"Rendir\u00e1n homenaje a Jos\u00e9 Jos\u00e9 en el Palacio de Bellas Artes de M\u00e9xico"},"content":{"rendered":"<p>El cantante mexicano Jos\u00e9 Jos\u00e9, fallecido el 28 de septiembre pasado en Miami (EE.UU.), recibir\u00e1 un homenaje en el Palacio de Bellas Artes de M\u00e9xico este mi\u00e9rcoles 9 de octubre, anunci\u00f3 la Secretar\u00eda de Cultura.<\/p>\n<p>En el programa art\u00edstico del homenaje participar\u00e1n integrantes de la Orquesta Sinf\u00f3nica Nacional, del Estudio de \u00d3pera de Bellas Artes, adem\u00e1s del Cuarteto Saloma, indic\u00f3.<\/p>\n<p>El homenaje al fallecido cantante ser\u00e1 preparado por la Secretar\u00eda de Cultura a trav\u00e9s del Instituto Nacional de Bellas Artes y Literatura (INBAL) y se contar\u00e1 con el respaldo del Gobierno de la Ciudad de M\u00e9xico. El homenaje comenzar\u00e1 a las 10.00 horas (15.00 GMT) y concluir\u00e1 tres horas despu\u00e9s, indic\u00f3 el ministerio en un comunicado. En el Palacio de Bellas Artes se colocar\u00e1 un circuito de acceso para facilitar el ingreso al homenaje.<\/p>\n<p>EFE<\/p>\n","protected":false},"excerpt":{"rendered":"<p>El cantante mexicano Jos\u00e9 Jos\u00e9, fallecido el 28 de septiembre <a href=\"https:\/\/sertv.gob.pa\/crisolfm\/rendiran-homenaje-a-jose-jose-en-el-palacio-de-bellas-artes-de-mexico\/\"> [&#8230;]<\/a><\/p>\n","protected":false},"author":64,"featured_media":23034,"comment_status":"closed","ping_status":"closed","sticky":false,"template":"","format":"standard","meta":{"footnotes":""},"categories":[6],"tags":[],"class_list":["post-23031","post","type-post","status-publish","format-standard","has-post-thumbnail","hentry","category-culturales"],"_links":{"self":[{"href":"https:\/\/sertv.gob.pa\/crisolfm\/wp-json\/wp\/v2\/posts\/23031","targetHints":{"allow":["GET"]}}],"collection":[{"href":"https:\/\/sertv.gob.pa\/crisolfm\/wp-json\/wp\/v2\/posts"}],"about":[{"href":"https:\/\/sertv.gob.pa\/crisolfm\/wp-json\/wp\/v2\/types\/post"}],"author":[{"embeddable":true,"href":"https:\/\/sertv.gob.pa\/crisolfm\/wp-json\/wp\/v2\/users\/64"}],"replies":[{"embeddable":true,"href":"https:\/\/sertv.gob.pa\/crisolfm\/wp-json\/wp\/v2\/comments?post=23031"}],"version-history":[{"count":1,"href":"https:\/\/sertv.gob.pa\/crisolfm\/wp-json\/wp\/v2\/posts\/23031\/revisions"}],"predecessor-version":[{"id":23032,"href":"https:\/\/sertv.gob.pa\/crisolfm\/wp-json\/wp\/v2\/posts\/23031\/revisions\/23032"}],"wp:featuredmedia":[{"embeddable":true,"href":"https:\/\/sertv.gob.pa\/crisolfm\/wp-json\/wp\/v2\/media\/23034"}],"wp:attachment":[{"href":"https:\/\/sertv.gob.pa\/crisolfm\/wp-json\/wp\/v2\/media?parent=23031"}],"wp:term":[{"taxonomy":"category","embeddable":true,"href":"https:\/\/sertv.gob.pa\/crisolfm\/wp-json\/wp\/v2\/categories?post=23031"},{"taxonomy":"post_tag","embeddable":true,"href":"https:\/\/sertv.gob.pa\/crisolfm\/wp-json\/wp\/v2\/tags?post=23031"}],"curies":[{"name":"wp","href":"https:\/\/api.w.org\/{rel}","templated":true}]}}