{"id":23051,"date":"2019-10-09T15:38:59","date_gmt":"2019-10-09T15:38:59","guid":{"rendered":"https:\/\/sertv.gob.pa\/crisolfm\/?p=23051"},"modified":"2019-10-09T15:38:59","modified_gmt":"2019-10-09T15:38:59","slug":"en-2018-300-personas-fueron-asesinadas-por-defender-los-derechos-ambientales","status":"publish","type":"post","link":"https:\/\/sertv.gob.pa\/crisolfm\/en-2018-300-personas-fueron-asesinadas-por-defender-los-derechos-ambientales\/","title":{"rendered":"En 2018, 300 personas fueron asesinadas por defender los derechos ambientales"},"content":{"rendered":"<p>Tan solo en 2018 m\u00e1s de 300 personas fueron asesinadas por defender los derechos humanos y ambientales frente a los <strong>intereses privados de grandes empresas<\/strong>. A la crudeza de estos hechos, se suman diferentes abusos de poder que se repiten por todo el planeta, sustentados por un modelo econ\u00f3mico que pone el inter\u00e9s privado por encima del inter\u00e9s general.<\/p>\n<p>Desde diferentes organizaciones y colectivos nos hemos unido bajo\u00a0plataformas estatales y globales para poner fin a la impunidad de estas empresas que campan a sus anchas<strong>\u00a0sin importar las consecuencias<\/strong> de sus actividades.<\/p>\n<p>Por este motivo exigimos el establecimiento de un Tratado Vinculante de Derechos Humanos y Empresas que ponga fin a estas violaciones de derechos humanos. La pr\u00f3xima semana tendr\u00e1 lugar la Quinta Sesi\u00f3n del grupo de trabajo de la ONU sobre el tratado vinculante de derechos humanos y empresas.<\/p>\n<p>&nbsp;<\/p>\n<p>ECOticias<\/p>\n","protected":false},"excerpt":{"rendered":"<p>Tan solo en 2018 m\u00e1s de 300 personas fueron asesinadas <a href=\"https:\/\/sertv.gob.pa\/crisolfm\/en-2018-300-personas-fueron-asesinadas-por-defender-los-derechos-ambientales\/\"> [&#8230;]<\/a><\/p>\n","protected":false},"author":64,"featured_media":23052,"comment_status":"closed","ping_status":"closed","sticky":false,"template":"","format":"standard","meta":{"footnotes":""},"categories":[7],"tags":[],"class_list":["post-23051","post","type-post","status-publish","format-standard","has-post-thumbnail","hentry","category-ecologicas"],"_links":{"self":[{"href":"https:\/\/sertv.gob.pa\/crisolfm\/wp-json\/wp\/v2\/posts\/23051","targetHints":{"allow":["GET"]}}],"collection":[{"href":"https:\/\/sertv.gob.pa\/crisolfm\/wp-json\/wp\/v2\/posts"}],"about":[{"href":"https:\/\/sertv.gob.pa\/crisolfm\/wp-json\/wp\/v2\/types\/post"}],"author":[{"embeddable":true,"href":"https:\/\/sertv.gob.pa\/crisolfm\/wp-json\/wp\/v2\/users\/64"}],"replies":[{"embeddable":true,"href":"https:\/\/sertv.gob.pa\/crisolfm\/wp-json\/wp\/v2\/comments?post=23051"}],"version-history":[{"count":1,"href":"https:\/\/sertv.gob.pa\/crisolfm\/wp-json\/wp\/v2\/posts\/23051\/revisions"}],"predecessor-version":[{"id":23053,"href":"https:\/\/sertv.gob.pa\/crisolfm\/wp-json\/wp\/v2\/posts\/23051\/revisions\/23053"}],"wp:featuredmedia":[{"embeddable":true,"href":"https:\/\/sertv.gob.pa\/crisolfm\/wp-json\/wp\/v2\/media\/23052"}],"wp:attachment":[{"href":"https:\/\/sertv.gob.pa\/crisolfm\/wp-json\/wp\/v2\/media?parent=23051"}],"wp:term":[{"taxonomy":"category","embeddable":true,"href":"https:\/\/sertv.gob.pa\/crisolfm\/wp-json\/wp\/v2\/categories?post=23051"},{"taxonomy":"post_tag","embeddable":true,"href":"https:\/\/sertv.gob.pa\/crisolfm\/wp-json\/wp\/v2\/tags?post=23051"}],"curies":[{"name":"wp","href":"https:\/\/api.w.org\/{rel}","templated":true}]}}