{"id":23061,"date":"2019-10-10T13:26:33","date_gmt":"2019-10-10T13:26:33","guid":{"rendered":"https:\/\/sertv.gob.pa\/crisolfm\/?p=23061"},"modified":"2019-10-10T13:26:33","modified_gmt":"2019-10-10T13:26:33","slug":"suspenden-prestamo-del-hombre-de-vitruvio-al-museo-de-louvre","status":"publish","type":"post","link":"https:\/\/sertv.gob.pa\/crisolfm\/suspenden-prestamo-del-hombre-de-vitruvio-al-museo-de-louvre\/","title":{"rendered":"Suspenden pr\u00e9stamo del \u2018Hombre de Vitruvio\u2019 al Museo de Louvre"},"content":{"rendered":"<p>La justicia italiana suspendi\u00f3 esta semana la autorizaci\u00f3n para salir del territorio peninsular de la obra el Hombre de Vitruvio, famos\u00edsimo dibujo de Leonardo da Vinci, que iba a ser prestado al parisino museo del Louvre, anunci\u00f3 la asociaci\u00f3n Italia Nostra.<\/p>\n<p>El tribunal administrativo regional (TAR) del V\u00e9neto, que debe expedirse sobre este dosier el 16 de octubre, recibi\u00f3 una demanda de esta asociaci\u00f3n de defensa del patrimonio italiano, para la cual este pr\u00e9stamo constituye una violaci\u00f3n al c\u00f3digo de los bienes culturales del pa\u00eds.<\/p>\n<p>\u00c9ste estipula que \u201cno pueden salir del territorio los bienes que constituyen el fondo principal de una secci\u00f3n espec\u00edfica\u201d de un museo, galer\u00eda de arte, biblioteca, colecci\u00f3n de arte o bibliogr\u00e1fica.<\/p>\n<p>Por su parte, el ministerio de Cultura italiano tild\u00f3 el pasado martes 8 de octubre de \u201cincomprensible\u201d la decisi\u00f3n del TAR.<\/p>\n<p>AFP<\/p>\n","protected":false},"excerpt":{"rendered":"<p>La justicia italiana suspendi\u00f3 esta semana la autorizaci\u00f3n para salir <a href=\"https:\/\/sertv.gob.pa\/crisolfm\/suspenden-prestamo-del-hombre-de-vitruvio-al-museo-de-louvre\/\"> [&#8230;]<\/a><\/p>\n","protected":false},"author":64,"featured_media":23062,"comment_status":"closed","ping_status":"closed","sticky":false,"template":"","format":"standard","meta":{"footnotes":""},"categories":[6],"tags":[],"class_list":["post-23061","post","type-post","status-publish","format-standard","has-post-thumbnail","hentry","category-culturales"],"_links":{"self":[{"href":"https:\/\/sertv.gob.pa\/crisolfm\/wp-json\/wp\/v2\/posts\/23061","targetHints":{"allow":["GET"]}}],"collection":[{"href":"https:\/\/sertv.gob.pa\/crisolfm\/wp-json\/wp\/v2\/posts"}],"about":[{"href":"https:\/\/sertv.gob.pa\/crisolfm\/wp-json\/wp\/v2\/types\/post"}],"author":[{"embeddable":true,"href":"https:\/\/sertv.gob.pa\/crisolfm\/wp-json\/wp\/v2\/users\/64"}],"replies":[{"embeddable":true,"href":"https:\/\/sertv.gob.pa\/crisolfm\/wp-json\/wp\/v2\/comments?post=23061"}],"version-history":[{"count":1,"href":"https:\/\/sertv.gob.pa\/crisolfm\/wp-json\/wp\/v2\/posts\/23061\/revisions"}],"predecessor-version":[{"id":23063,"href":"https:\/\/sertv.gob.pa\/crisolfm\/wp-json\/wp\/v2\/posts\/23061\/revisions\/23063"}],"wp:featuredmedia":[{"embeddable":true,"href":"https:\/\/sertv.gob.pa\/crisolfm\/wp-json\/wp\/v2\/media\/23062"}],"wp:attachment":[{"href":"https:\/\/sertv.gob.pa\/crisolfm\/wp-json\/wp\/v2\/media?parent=23061"}],"wp:term":[{"taxonomy":"category","embeddable":true,"href":"https:\/\/sertv.gob.pa\/crisolfm\/wp-json\/wp\/v2\/categories?post=23061"},{"taxonomy":"post_tag","embeddable":true,"href":"https:\/\/sertv.gob.pa\/crisolfm\/wp-json\/wp\/v2\/tags?post=23061"}],"curies":[{"name":"wp","href":"https:\/\/api.w.org\/{rel}","templated":true}]}}