{"id":23069,"date":"2019-10-10T13:45:40","date_gmt":"2019-10-10T13:45:40","guid":{"rendered":"https:\/\/sertv.gob.pa\/crisolfm\/?p=23069"},"modified":"2019-10-10T13:45:40","modified_gmt":"2019-10-10T13:45:40","slug":"exhibicion-picasso-suenos-en-grabado-en-el-centro-cultural-de-espana-casa-del-soldado","status":"publish","type":"post","link":"https:\/\/sertv.gob.pa\/crisolfm\/exhibicion-picasso-suenos-en-grabado-en-el-centro-cultural-de-espana-casa-del-soldado\/","title":{"rendered":"Exhibici\u00f3n:   \u201cPicasso: sue\u00f1os en grabado\u201d en el Centro Cultural de Espa\u00f1a \u2013 Casa del Soldado"},"content":{"rendered":"<p>El artista, el hombre, el amante y la leyenda. Estos son algunos de los rostros del pintor espa\u00f1ol Pablo Picasso que se podr\u00e1n ver entre las pinceladas de sus obras que conforman la exhibici\u00f3n \u201cPicasso: sue\u00f1os en grabado\u201d que se presenta por este mes en Panam\u00e1.<\/p>\n<p>La muestra es una fusi\u00f3n de las colecciones \u201cLa flauta doble\u201d y \u201cEl entierro del conde de Orgaz\u201d, propiedad de la Fundaci\u00f3n Universitaria Iberoamericana (Funiber), quienes en conjunto con la Embajada de Espa\u00f1a en Panam\u00e1, organizan esta actividad en el Centro Cultural de Espa\u00f1a &#8211; Casa del Soldado, del 9 al 26 de octubre, como parte de las celebraciones de los 500 a\u00f1os que cumpli\u00f3 la ciudad de Panam\u00e1. La entrada es libre.<\/p>\n<p>&nbsp;<\/p>\n<p>&nbsp;<\/p>\n<p>&nbsp;<\/p>\n<p>&nbsp;<\/p>\n","protected":false},"excerpt":{"rendered":"<p>El artista, el hombre, el amante y la leyenda. Estos <a href=\"https:\/\/sertv.gob.pa\/crisolfm\/exhibicion-picasso-suenos-en-grabado-en-el-centro-cultural-de-espana-casa-del-soldado\/\"> [&#8230;]<\/a><\/p>\n","protected":false},"author":64,"featured_media":23070,"comment_status":"closed","ping_status":"closed","sticky":false,"template":"","format":"standard","meta":{"footnotes":""},"categories":[6],"tags":[],"class_list":["post-23069","post","type-post","status-publish","format-standard","has-post-thumbnail","hentry","category-culturales"],"_links":{"self":[{"href":"https:\/\/sertv.gob.pa\/crisolfm\/wp-json\/wp\/v2\/posts\/23069","targetHints":{"allow":["GET"]}}],"collection":[{"href":"https:\/\/sertv.gob.pa\/crisolfm\/wp-json\/wp\/v2\/posts"}],"about":[{"href":"https:\/\/sertv.gob.pa\/crisolfm\/wp-json\/wp\/v2\/types\/post"}],"author":[{"embeddable":true,"href":"https:\/\/sertv.gob.pa\/crisolfm\/wp-json\/wp\/v2\/users\/64"}],"replies":[{"embeddable":true,"href":"https:\/\/sertv.gob.pa\/crisolfm\/wp-json\/wp\/v2\/comments?post=23069"}],"version-history":[{"count":1,"href":"https:\/\/sertv.gob.pa\/crisolfm\/wp-json\/wp\/v2\/posts\/23069\/revisions"}],"predecessor-version":[{"id":23071,"href":"https:\/\/sertv.gob.pa\/crisolfm\/wp-json\/wp\/v2\/posts\/23069\/revisions\/23071"}],"wp:featuredmedia":[{"embeddable":true,"href":"https:\/\/sertv.gob.pa\/crisolfm\/wp-json\/wp\/v2\/media\/23070"}],"wp:attachment":[{"href":"https:\/\/sertv.gob.pa\/crisolfm\/wp-json\/wp\/v2\/media?parent=23069"}],"wp:term":[{"taxonomy":"category","embeddable":true,"href":"https:\/\/sertv.gob.pa\/crisolfm\/wp-json\/wp\/v2\/categories?post=23069"},{"taxonomy":"post_tag","embeddable":true,"href":"https:\/\/sertv.gob.pa\/crisolfm\/wp-json\/wp\/v2\/tags?post=23069"}],"curies":[{"name":"wp","href":"https:\/\/api.w.org\/{rel}","templated":true}]}}