{"id":23072,"date":"2019-10-10T14:14:33","date_gmt":"2019-10-10T14:14:33","guid":{"rendered":"https:\/\/sertv.gob.pa\/crisolfm\/?p=23072"},"modified":"2019-10-10T14:14:33","modified_gmt":"2019-10-10T14:14:33","slug":"polaca-olga-tokarczuk-y-austriaco-peter-handke-reciben-nobel-de-literatura-2018-y-2019","status":"publish","type":"post","link":"https:\/\/sertv.gob.pa\/crisolfm\/polaca-olga-tokarczuk-y-austriaco-peter-handke-reciben-nobel-de-literatura-2018-y-2019\/","title":{"rendered":"Polaca Olga Tokarczuk y austriaco Peter Handke reciben Nobel de Literatura 2018 y 2019"},"content":{"rendered":"<p>La escritora polaca Olga Tokarczuk recibi\u00f3 el jueves el premio Nobel de Literatura 2018 y el novelista austriaco Peter Handke fue galardonado con el Nobel de 2019, anunci\u00f3 la Academia sueca.<\/p>\n<p>Tokarczuk fue recompensada por \u00absu imaginaci\u00f3n narrativa, que con una pasi\u00f3n enciclop\u00e9dica, simboliza el traspaso de las fronteras como forma de vida\u00bb, dijo el secretario de la Academia sueca, Mats Malm.<\/p>\n<p>El Nobel de 2019 fue otorgado a Handke por una obra \u00abllena de ingenuidad ling\u00fc\u00edstica que ha explorado la periferia y la singularidad de la experiencia humana\u00bb.<\/p>\n<p>Este a\u00f1o el Nobel de Literatura ha consagrado a dos ganadores, uno para 2018 y otro para 2019, despu\u00e9s de que la Academia Sueca pospusiese la adjudicaci\u00f3n el a\u00f1o pasado de este galard\u00f3n por un esc\u00e1ndalo de agresi\u00f3n sexual.<\/p>\n<p>AFP<\/p>\n","protected":false},"excerpt":{"rendered":"<p>La escritora polaca Olga Tokarczuk recibi\u00f3 el jueves el premio <a href=\"https:\/\/sertv.gob.pa\/crisolfm\/polaca-olga-tokarczuk-y-austriaco-peter-handke-reciben-nobel-de-literatura-2018-y-2019\/\"> [&#8230;]<\/a><\/p>\n","protected":false},"author":64,"featured_media":23073,"comment_status":"closed","ping_status":"closed","sticky":false,"template":"","format":"standard","meta":{"footnotes":""},"categories":[6],"tags":[],"class_list":["post-23072","post","type-post","status-publish","format-standard","has-post-thumbnail","hentry","category-culturales"],"_links":{"self":[{"href":"https:\/\/sertv.gob.pa\/crisolfm\/wp-json\/wp\/v2\/posts\/23072","targetHints":{"allow":["GET"]}}],"collection":[{"href":"https:\/\/sertv.gob.pa\/crisolfm\/wp-json\/wp\/v2\/posts"}],"about":[{"href":"https:\/\/sertv.gob.pa\/crisolfm\/wp-json\/wp\/v2\/types\/post"}],"author":[{"embeddable":true,"href":"https:\/\/sertv.gob.pa\/crisolfm\/wp-json\/wp\/v2\/users\/64"}],"replies":[{"embeddable":true,"href":"https:\/\/sertv.gob.pa\/crisolfm\/wp-json\/wp\/v2\/comments?post=23072"}],"version-history":[{"count":1,"href":"https:\/\/sertv.gob.pa\/crisolfm\/wp-json\/wp\/v2\/posts\/23072\/revisions"}],"predecessor-version":[{"id":23074,"href":"https:\/\/sertv.gob.pa\/crisolfm\/wp-json\/wp\/v2\/posts\/23072\/revisions\/23074"}],"wp:featuredmedia":[{"embeddable":true,"href":"https:\/\/sertv.gob.pa\/crisolfm\/wp-json\/wp\/v2\/media\/23073"}],"wp:attachment":[{"href":"https:\/\/sertv.gob.pa\/crisolfm\/wp-json\/wp\/v2\/media?parent=23072"}],"wp:term":[{"taxonomy":"category","embeddable":true,"href":"https:\/\/sertv.gob.pa\/crisolfm\/wp-json\/wp\/v2\/categories?post=23072"},{"taxonomy":"post_tag","embeddable":true,"href":"https:\/\/sertv.gob.pa\/crisolfm\/wp-json\/wp\/v2\/tags?post=23072"}],"curies":[{"name":"wp","href":"https:\/\/api.w.org\/{rel}","templated":true}]}}