{"id":23085,"date":"2019-10-10T15:26:43","date_gmt":"2019-10-10T15:26:43","guid":{"rendered":"https:\/\/sertv.gob.pa\/crisolfm\/?p=23085"},"modified":"2019-10-10T15:26:43","modified_gmt":"2019-10-10T15:26:43","slug":"los-mexicanos-por-fin-se-despiden-de-su-principe-jose-jose","status":"publish","type":"post","link":"https:\/\/sertv.gob.pa\/crisolfm\/los-mexicanos-por-fin-se-despiden-de-su-principe-jose-jose\/","title":{"rendered":"Los mexicanos, por fin, se despiden de su \u00abPr\u00edncipe\u00bb Jos\u00e9 Jos\u00e9"},"content":{"rendered":"<p>Tras m\u00e1s de una semana de pleitos familiares y una gran cobertura medi\u00e1tica plagada de desinformaci\u00f3n, las cenizas del cantante mexicano Jos\u00e9 Jos\u00e9 arribaron este mi\u00e9rcoles a Ciudad de M\u00e9xico, donde una gran multitud se despidiera, por fin, de su amado \u00abPr\u00edncipe de la canci\u00f3n\u00bb.<\/p>\n<p>El avi\u00f3n militar mexicano, facilitado por el gobierno para trasladar los restos desde Miami, Estados Unidos, aterriz\u00f3 poco antes de las 09h00 locales (14h00 GMT) en el hangar presidencial de Ciudad de M\u00e9xico.<\/p>\n<p>Poco despu\u00e9s, los hijos mayores del cantante, Jos\u00e9 Joel y Marysol, que viajaron con las cenizas, ofrecieron una breve declaraci\u00f3n a periodistas. Tambi\u00e9n les acompa\u00f1aba su madre, Anel Nore\u00f1a.<\/p>\n<p>\u00abHemos tra\u00eddo de regreso el coraz\u00f3n de nuestro adorado pr\u00edncipe de la canci\u00f3n, de mi pap\u00e1, ya est\u00e1 en su patria, muchas gracias a todos por su tiempo, por su paciencia\u00bb, dijo Jos\u00e9 Joel.<\/p>\n<p>\u00abMi padre, nuestro pr\u00edncipe Jos\u00e9 Jos\u00e9 ya est\u00e1 en M\u00e9xico, muchas gracias\u00bb, lo secund\u00f3 Marysol.<\/p>\n<p>Una carroza f\u00fanebre de modelo cl\u00e1sico ingres\u00f3 al hangar para recibir los restos y parti\u00f3 desde el aeropuerto, ubicado al oriente de Ciudad de M\u00e9xico, escoltada por polic\u00edas en motocicletas, con direcci\u00f3n al c\u00e9ntrico Palacio de Bellas Artes, donde recibi\u00f3 un homenaje nacional.<\/p>\n<p>AFP<\/p>\n","protected":false},"excerpt":{"rendered":"<p>Tras m\u00e1s de una semana de pleitos familiares y una <a href=\"https:\/\/sertv.gob.pa\/crisolfm\/los-mexicanos-por-fin-se-despiden-de-su-principe-jose-jose\/\"> [&#8230;]<\/a><\/p>\n","protected":false},"author":64,"featured_media":23086,"comment_status":"closed","ping_status":"closed","sticky":false,"template":"","format":"standard","meta":{"footnotes":""},"categories":[6],"tags":[],"class_list":["post-23085","post","type-post","status-publish","format-standard","has-post-thumbnail","hentry","category-culturales"],"_links":{"self":[{"href":"https:\/\/sertv.gob.pa\/crisolfm\/wp-json\/wp\/v2\/posts\/23085","targetHints":{"allow":["GET"]}}],"collection":[{"href":"https:\/\/sertv.gob.pa\/crisolfm\/wp-json\/wp\/v2\/posts"}],"about":[{"href":"https:\/\/sertv.gob.pa\/crisolfm\/wp-json\/wp\/v2\/types\/post"}],"author":[{"embeddable":true,"href":"https:\/\/sertv.gob.pa\/crisolfm\/wp-json\/wp\/v2\/users\/64"}],"replies":[{"embeddable":true,"href":"https:\/\/sertv.gob.pa\/crisolfm\/wp-json\/wp\/v2\/comments?post=23085"}],"version-history":[{"count":1,"href":"https:\/\/sertv.gob.pa\/crisolfm\/wp-json\/wp\/v2\/posts\/23085\/revisions"}],"predecessor-version":[{"id":23087,"href":"https:\/\/sertv.gob.pa\/crisolfm\/wp-json\/wp\/v2\/posts\/23085\/revisions\/23087"}],"wp:featuredmedia":[{"embeddable":true,"href":"https:\/\/sertv.gob.pa\/crisolfm\/wp-json\/wp\/v2\/media\/23086"}],"wp:attachment":[{"href":"https:\/\/sertv.gob.pa\/crisolfm\/wp-json\/wp\/v2\/media?parent=23085"}],"wp:term":[{"taxonomy":"category","embeddable":true,"href":"https:\/\/sertv.gob.pa\/crisolfm\/wp-json\/wp\/v2\/categories?post=23085"},{"taxonomy":"post_tag","embeddable":true,"href":"https:\/\/sertv.gob.pa\/crisolfm\/wp-json\/wp\/v2\/tags?post=23085"}],"curies":[{"name":"wp","href":"https:\/\/api.w.org\/{rel}","templated":true}]}}