{"id":23094,"date":"2019-10-10T16:20:12","date_gmt":"2019-10-10T16:20:12","guid":{"rendered":"https:\/\/sertv.gob.pa\/crisolfm\/?p=23094"},"modified":"2019-10-10T16:20:12","modified_gmt":"2019-10-10T16:20:12","slug":"alemania-arranca-una-cruzada-contra-el-cambio-climatico","status":"publish","type":"post","link":"https:\/\/sertv.gob.pa\/crisolfm\/alemania-arranca-una-cruzada-contra-el-cambio-climatico\/","title":{"rendered":"Alemania arranca una \u2018cruzada\u2019 contra el cambio clim\u00e1tico"},"content":{"rendered":"<p>La canciller alemana,<strong> Angela Merkel,<\/strong> ha asegurado que \u00abel tiempo apremia, en particular en lo que respecta a nuestros hijos y nietos\u00bb despu\u00e9s de que el Gobierno del pa\u00eds apruebe de manera formal un plan de protecci\u00f3n clim\u00e1tica que se acord\u00f3 en septiembre.<\/p>\n<p>La ley, que a\u00fan debe ser aprobada por el Parlamento alem\u00e1n, estipula los objetivos clim\u00e1ticos para el a\u00f1o 2030. As\u00ed, se prev\u00e9 establecer un precio al di\u00f3xido de carbono que encarecer\u00e1 los combustibles, el gas natural y el carb\u00f3n con el fin de incentivas el desarrollo y la adquisici\u00f3n de veh\u00edculos y sistemas de calefacci\u00f3n m\u00e1s favorables con el medio ambiente.<\/p>\n<p>\u00abSoy consciente de que yo misma <strong>no soy un modelo a seguir<\/strong> en este sentido, porque uso un coche oficial blindado\u00bb, ha reconocido la canciller alemana en declaraciones realizadas en una entrevista que publica este jueves la revista &#8216;Bunte&#8217;.<\/p>\n<p>De forma paralela, Merkel ha rechazado la energ\u00eda nuclear y la producci\u00f3n de energ\u00eda a partir del carb\u00f3n. Aunque la energ\u00eda nuclear no genera CO2, la mandataria ha considerado que no es una forma \u00absostenible\u00bb de producir energ\u00eda.<\/p>\n<p>Adem\u00e1s, Merkel ha explicado que actualmente Alemania obtiene mucha electricidad del<strong> carb\u00f3n y de la energ\u00eda nuclear,<\/strong> a pesar de que las energ\u00edas renovables desempe\u00f1an un papel cada vez m\u00e1s importante. \u00abPor lo tanto, es correcto abandonar sucesivamente ambas formas de energ\u00eda, pero tambi\u00e9n es un gran desaf\u00edo\u00bb, ha valorado Merkel.<\/p>\n<p>ECOticias<\/p>\n","protected":false},"excerpt":{"rendered":"<p>La canciller alemana, Angela Merkel, ha asegurado que \u00abel tiempo <a href=\"https:\/\/sertv.gob.pa\/crisolfm\/alemania-arranca-una-cruzada-contra-el-cambio-climatico\/\"> [&#8230;]<\/a><\/p>\n","protected":false},"author":64,"featured_media":23095,"comment_status":"closed","ping_status":"closed","sticky":false,"template":"","format":"standard","meta":{"footnotes":""},"categories":[7],"tags":[],"class_list":["post-23094","post","type-post","status-publish","format-standard","has-post-thumbnail","hentry","category-ecologicas"],"_links":{"self":[{"href":"https:\/\/sertv.gob.pa\/crisolfm\/wp-json\/wp\/v2\/posts\/23094","targetHints":{"allow":["GET"]}}],"collection":[{"href":"https:\/\/sertv.gob.pa\/crisolfm\/wp-json\/wp\/v2\/posts"}],"about":[{"href":"https:\/\/sertv.gob.pa\/crisolfm\/wp-json\/wp\/v2\/types\/post"}],"author":[{"embeddable":true,"href":"https:\/\/sertv.gob.pa\/crisolfm\/wp-json\/wp\/v2\/users\/64"}],"replies":[{"embeddable":true,"href":"https:\/\/sertv.gob.pa\/crisolfm\/wp-json\/wp\/v2\/comments?post=23094"}],"version-history":[{"count":1,"href":"https:\/\/sertv.gob.pa\/crisolfm\/wp-json\/wp\/v2\/posts\/23094\/revisions"}],"predecessor-version":[{"id":23096,"href":"https:\/\/sertv.gob.pa\/crisolfm\/wp-json\/wp\/v2\/posts\/23094\/revisions\/23096"}],"wp:featuredmedia":[{"embeddable":true,"href":"https:\/\/sertv.gob.pa\/crisolfm\/wp-json\/wp\/v2\/media\/23095"}],"wp:attachment":[{"href":"https:\/\/sertv.gob.pa\/crisolfm\/wp-json\/wp\/v2\/media?parent=23094"}],"wp:term":[{"taxonomy":"category","embeddable":true,"href":"https:\/\/sertv.gob.pa\/crisolfm\/wp-json\/wp\/v2\/categories?post=23094"},{"taxonomy":"post_tag","embeddable":true,"href":"https:\/\/sertv.gob.pa\/crisolfm\/wp-json\/wp\/v2\/tags?post=23094"}],"curies":[{"name":"wp","href":"https:\/\/api.w.org\/{rel}","templated":true}]}}