{"id":23100,"date":"2019-10-11T13:30:30","date_gmt":"2019-10-11T13:30:30","guid":{"rendered":"https:\/\/sertv.gob.pa\/crisolfm\/?p=23100"},"modified":"2019-10-11T13:30:30","modified_gmt":"2019-10-11T13:30:30","slug":"estres-por-calor-amenaza-a-los-arrecifes-de-coral-caribenos","status":"publish","type":"post","link":"https:\/\/sertv.gob.pa\/crisolfm\/estres-por-calor-amenaza-a-los-arrecifes-de-coral-caribenos\/","title":{"rendered":"Estr\u00e9s por calor amenaza a los arrecifes de coral caribe\u00f1os"},"content":{"rendered":"<p>La principal amenaza para los arrecifes de coral del Caribe es el estr\u00e9s por calor producto del calentamiento de los oc\u00e9anos, revel\u00f3 este mi\u00e9rcoles una investigaci\u00f3n del Centro de Investigaci\u00f3n y de Estudios Avanzados (Cinvestav) Unidad M\u00e9rida, en el estado mexicano de Yucat\u00e1n.<\/p>\n<p>El estudio del Cinvestav, realizado con la Oficina Nacional de Administraci\u00f3n Oce\u00e1nica y Atmosf\u00e9rica (NOAA, por sus siglas en ingl\u00e9s) y el Instituto Smithsoniano, sugiri\u00f3 que el aumento de temperatura ha sido constante, incrementando la vulnerabilidad de estos ecosistemas.<\/p>\n<p>Otros reportes han se\u00f1alado anteriormente que el estr\u00e9s por calor es el principal causante del blanqueamiento masivo de los corales, muchas veces relacionado con la mortalidad de estos y la incidencia de enfermedades. El estr\u00e9s por calor afecta la estructura y el metabolismo celular, la respiraci\u00f3n y la estabilidad de las membranas y la producci\u00f3n de pigmentos de las plantas impidi\u00e9ndoles expresar en un ecosistema su m\u00e1ximo potencial de rendimiento.<\/p>\n<p>Este nuevo estudio ofrece herramientas de conservaci\u00f3n e identificaci\u00f3n de potenciales refugios frente al cambio clim\u00e1tico.<\/p>\n<p>EFE<\/p>\n<p>&nbsp;<\/p>\n","protected":false},"excerpt":{"rendered":"<p>La principal amenaza para los arrecifes de coral del Caribe <a href=\"https:\/\/sertv.gob.pa\/crisolfm\/estres-por-calor-amenaza-a-los-arrecifes-de-coral-caribenos\/\"> [&#8230;]<\/a><\/p>\n","protected":false},"author":64,"featured_media":23101,"comment_status":"closed","ping_status":"closed","sticky":false,"template":"","format":"standard","meta":{"footnotes":""},"categories":[7],"tags":[],"class_list":["post-23100","post","type-post","status-publish","format-standard","has-post-thumbnail","hentry","category-ecologicas"],"_links":{"self":[{"href":"https:\/\/sertv.gob.pa\/crisolfm\/wp-json\/wp\/v2\/posts\/23100","targetHints":{"allow":["GET"]}}],"collection":[{"href":"https:\/\/sertv.gob.pa\/crisolfm\/wp-json\/wp\/v2\/posts"}],"about":[{"href":"https:\/\/sertv.gob.pa\/crisolfm\/wp-json\/wp\/v2\/types\/post"}],"author":[{"embeddable":true,"href":"https:\/\/sertv.gob.pa\/crisolfm\/wp-json\/wp\/v2\/users\/64"}],"replies":[{"embeddable":true,"href":"https:\/\/sertv.gob.pa\/crisolfm\/wp-json\/wp\/v2\/comments?post=23100"}],"version-history":[{"count":1,"href":"https:\/\/sertv.gob.pa\/crisolfm\/wp-json\/wp\/v2\/posts\/23100\/revisions"}],"predecessor-version":[{"id":23102,"href":"https:\/\/sertv.gob.pa\/crisolfm\/wp-json\/wp\/v2\/posts\/23100\/revisions\/23102"}],"wp:featuredmedia":[{"embeddable":true,"href":"https:\/\/sertv.gob.pa\/crisolfm\/wp-json\/wp\/v2\/media\/23101"}],"wp:attachment":[{"href":"https:\/\/sertv.gob.pa\/crisolfm\/wp-json\/wp\/v2\/media?parent=23100"}],"wp:term":[{"taxonomy":"category","embeddable":true,"href":"https:\/\/sertv.gob.pa\/crisolfm\/wp-json\/wp\/v2\/categories?post=23100"},{"taxonomy":"post_tag","embeddable":true,"href":"https:\/\/sertv.gob.pa\/crisolfm\/wp-json\/wp\/v2\/tags?post=23100"}],"curies":[{"name":"wp","href":"https:\/\/api.w.org\/{rel}","templated":true}]}}