{"id":23103,"date":"2019-10-11T13:47:59","date_gmt":"2019-10-11T13:47:59","guid":{"rendered":"https:\/\/sertv.gob.pa\/crisolfm\/?p=23103"},"modified":"2019-10-11T13:47:59","modified_gmt":"2019-10-11T13:47:59","slug":"primer-ministro-etiope-gana-el-premio-nobel-de-la-paz","status":"publish","type":"post","link":"https:\/\/sertv.gob.pa\/crisolfm\/primer-ministro-etiope-gana-el-premio-nobel-de-la-paz\/","title":{"rendered":"Primer ministro et\u00edope gana el Premio Nobel de la Paz"},"content":{"rendered":"<p>El primer ministro et\u00edope, Abiy Ahmed, obtuvo el Premio Nobel de la Paz por su trabajo para poner fin a casi dos d\u00e9cadas de conflicto con la vecina Eritrea. Abiy fue honrado por sus \u00abesfuerzos para lograr la paz y la cooperaci\u00f3n internacional y, en particular, por su iniciativa decisiva para resolver el conflicto fronterizo con la vecina Eritrea\u00bb, dijo el viernes en el comunicado el Comit\u00e9 Nobel noruego, establecido en Oslo.<\/p>\n<p>Es el segundo a\u00f1o consecutivo en que el premio se otorga a un africano. En 2018, el m\u00e9dico congol\u00e9s Denis Mukwege fue coganador del premio por su trabajo contra la violencia sexual.<\/p>\n<p>Abiy, de 43 a\u00f1os, se convirti\u00f3 en el l\u00edder m\u00e1s joven de \u00c1frica cuando fue nombrado primer ministro en marzo de 2018.<\/p>\n<p>&nbsp;<\/p>\n<p>&nbsp;<\/p>\n<p>&nbsp;<\/p>\n<p>&nbsp;<\/p>\n","protected":false},"excerpt":{"rendered":"<p>El primer ministro et\u00edope, Abiy Ahmed, obtuvo el Premio Nobel <a href=\"https:\/\/sertv.gob.pa\/crisolfm\/primer-ministro-etiope-gana-el-premio-nobel-de-la-paz\/\"> [&#8230;]<\/a><\/p>\n","protected":false},"author":64,"featured_media":23104,"comment_status":"closed","ping_status":"closed","sticky":false,"template":"","format":"standard","meta":{"footnotes":""},"categories":[6],"tags":[],"class_list":["post-23103","post","type-post","status-publish","format-standard","has-post-thumbnail","hentry","category-culturales"],"_links":{"self":[{"href":"https:\/\/sertv.gob.pa\/crisolfm\/wp-json\/wp\/v2\/posts\/23103","targetHints":{"allow":["GET"]}}],"collection":[{"href":"https:\/\/sertv.gob.pa\/crisolfm\/wp-json\/wp\/v2\/posts"}],"about":[{"href":"https:\/\/sertv.gob.pa\/crisolfm\/wp-json\/wp\/v2\/types\/post"}],"author":[{"embeddable":true,"href":"https:\/\/sertv.gob.pa\/crisolfm\/wp-json\/wp\/v2\/users\/64"}],"replies":[{"embeddable":true,"href":"https:\/\/sertv.gob.pa\/crisolfm\/wp-json\/wp\/v2\/comments?post=23103"}],"version-history":[{"count":1,"href":"https:\/\/sertv.gob.pa\/crisolfm\/wp-json\/wp\/v2\/posts\/23103\/revisions"}],"predecessor-version":[{"id":23105,"href":"https:\/\/sertv.gob.pa\/crisolfm\/wp-json\/wp\/v2\/posts\/23103\/revisions\/23105"}],"wp:featuredmedia":[{"embeddable":true,"href":"https:\/\/sertv.gob.pa\/crisolfm\/wp-json\/wp\/v2\/media\/23104"}],"wp:attachment":[{"href":"https:\/\/sertv.gob.pa\/crisolfm\/wp-json\/wp\/v2\/media?parent=23103"}],"wp:term":[{"taxonomy":"category","embeddable":true,"href":"https:\/\/sertv.gob.pa\/crisolfm\/wp-json\/wp\/v2\/categories?post=23103"},{"taxonomy":"post_tag","embeddable":true,"href":"https:\/\/sertv.gob.pa\/crisolfm\/wp-json\/wp\/v2\/tags?post=23103"}],"curies":[{"name":"wp","href":"https:\/\/api.w.org\/{rel}","templated":true}]}}