{"id":23112,"date":"2019-10-11T14:33:05","date_gmt":"2019-10-11T14:33:05","guid":{"rendered":"https:\/\/sertv.gob.pa\/crisolfm\/?p=23112"},"modified":"2019-10-11T14:33:05","modified_gmt":"2019-10-11T14:33:05","slug":"latinoamerica-impulsa-adhesion-a-pacto-por-derechos-ambientalistas","status":"publish","type":"post","link":"https:\/\/sertv.gob.pa\/crisolfm\/latinoamerica-impulsa-adhesion-a-pacto-por-derechos-ambientalistas\/","title":{"rendered":"Latinoam\u00e9rica impulsa adhesi\u00f3n a pacto por derechos ambientalistas"},"content":{"rendered":"<p>El diplom\u00e1tico y activista canadiense<strong> David Boyd<\/strong> fue nombrado este jueves como promotor de un pacto latinoamericano que garantiza el acceso a la informaci\u00f3n ambiental y la protecci\u00f3n de los derechos de los ambientalistas en la regi\u00f3n.<\/p>\n<p>Boyd, impulsado por Costa Rica y la <a href=\"https:\/\/www.prensa.com\/tema\/cepal\/\" target=\"_blank\" rel=\"noopener\">Comisi\u00f3n Econ\u00f3mica para Am\u00e9rica Latina (Cepal)<\/a>, tendr\u00e1 la misi\u00f3n de lograr la adhesi\u00f3n de m\u00e1s pa\u00edses al <strong>Acuerdo de Escaz\u00fa,<\/strong> adoptado el a\u00f1o pasado en la localidad costarricense hom\u00f3nima.<\/p>\n<p>\u00abEl Acuerdo de Escaz\u00fa es el primer acuerdo del mundo que protege a los luchadores por el medio ambiente\u00bb, dijo Alicia B\u00e1rcenas, secretaria ejecutiva de la Cepal, al anunciar el nombramiento de Boyd.<\/p>\n<p>El diplom\u00e1tico, relator de la ONU para derechos humanos y medio ambiente, fue presentado como \u00abcampe\u00f3n\u00bb del acuerdo en San Jos\u00e9 durante la reuni\u00f3n previa a la Conferencia de las Partes de la convenci\u00f3n sobre cambio clim\u00e1tico (COP25), que se celebrar\u00e1 en Chile en diciembre.<\/p>\n<p>AFP<\/p>\n","protected":false},"excerpt":{"rendered":"<p>El diplom\u00e1tico y activista canadiense David Boyd fue nombrado este <a href=\"https:\/\/sertv.gob.pa\/crisolfm\/latinoamerica-impulsa-adhesion-a-pacto-por-derechos-ambientalistas\/\"> [&#8230;]<\/a><\/p>\n","protected":false},"author":64,"featured_media":23113,"comment_status":"closed","ping_status":"closed","sticky":false,"template":"","format":"standard","meta":{"footnotes":""},"categories":[7],"tags":[],"class_list":["post-23112","post","type-post","status-publish","format-standard","has-post-thumbnail","hentry","category-ecologicas"],"_links":{"self":[{"href":"https:\/\/sertv.gob.pa\/crisolfm\/wp-json\/wp\/v2\/posts\/23112","targetHints":{"allow":["GET"]}}],"collection":[{"href":"https:\/\/sertv.gob.pa\/crisolfm\/wp-json\/wp\/v2\/posts"}],"about":[{"href":"https:\/\/sertv.gob.pa\/crisolfm\/wp-json\/wp\/v2\/types\/post"}],"author":[{"embeddable":true,"href":"https:\/\/sertv.gob.pa\/crisolfm\/wp-json\/wp\/v2\/users\/64"}],"replies":[{"embeddable":true,"href":"https:\/\/sertv.gob.pa\/crisolfm\/wp-json\/wp\/v2\/comments?post=23112"}],"version-history":[{"count":1,"href":"https:\/\/sertv.gob.pa\/crisolfm\/wp-json\/wp\/v2\/posts\/23112\/revisions"}],"predecessor-version":[{"id":23114,"href":"https:\/\/sertv.gob.pa\/crisolfm\/wp-json\/wp\/v2\/posts\/23112\/revisions\/23114"}],"wp:featuredmedia":[{"embeddable":true,"href":"https:\/\/sertv.gob.pa\/crisolfm\/wp-json\/wp\/v2\/media\/23113"}],"wp:attachment":[{"href":"https:\/\/sertv.gob.pa\/crisolfm\/wp-json\/wp\/v2\/media?parent=23112"}],"wp:term":[{"taxonomy":"category","embeddable":true,"href":"https:\/\/sertv.gob.pa\/crisolfm\/wp-json\/wp\/v2\/categories?post=23112"},{"taxonomy":"post_tag","embeddable":true,"href":"https:\/\/sertv.gob.pa\/crisolfm\/wp-json\/wp\/v2\/tags?post=23112"}],"curies":[{"name":"wp","href":"https:\/\/api.w.org\/{rel}","templated":true}]}}