{"id":23138,"date":"2019-10-14T13:33:03","date_gmt":"2019-10-14T13:33:03","guid":{"rendered":"https:\/\/sertv.gob.pa\/crisolfm\/?p=23138"},"modified":"2019-10-14T13:33:03","modified_gmt":"2019-10-14T13:33:03","slug":"celebran-en-los-pozos-el-festival-montanero-del-tambor-y-la-carreta","status":"publish","type":"post","link":"https:\/\/sertv.gob.pa\/crisolfm\/celebran-en-los-pozos-el-festival-montanero-del-tambor-y-la-carreta\/","title":{"rendered":"Celebran en Los Pozos el Festival Monta\u00f1ero del Tambor y la Carreta"},"content":{"rendered":"<p>El Festival Monta\u00f1ero del Tambor y la Carreta se ha convertido hoy por hoy en la m\u00e1xima expresi\u00f3n de las costumbres y tradiciones del distrito de Los Pozos en la provincia de Herrera. En los \u00faltimos 13 a\u00f1os este Festival constituye un complemento de las fiestas de aniversario de Los Pozos, que fuera elevado a la categor\u00eda de distrito parroquial un 19 de octubre de 1848. Delegaciones de cada una de los corregimientos de Los Pozos le ponen el toque festivo a la actividad. La caja, el tambor y el acorde\u00f3n son los aliados para las cantalantes que con su canto y ritmo alegran a los lugare\u00f1os y extra\u00f1os que participan del evento.<\/p>\n<p>Robinson Quintero, presidente de la Fundaci\u00f3n Pro Festival Monta\u00f1ero del Tambor y la Carreta,\u00a0 destac\u00f3 que esta actividad recoge toda una serie de encuentros de proyecciones folcl\u00f3ricas, concursos de tamboritos, de toque de Mejorana, de grito y saloma infantil, y de\u00a0 adultos, toque de viol\u00edn, homenajes a tamboreros y carreteros y\u00a0 concluye con el desfile folcl\u00f3rico.<\/p>\n<p>Este desfile, efectuado este domingo 13 de octubre, cont\u00f3 con la participaci\u00f3n de 18 carretas, provenientes de las diferentes comunidades Los Pozos; adem\u00e1s, de distintas agrupaciones for\u00e1neas que se insertan durante el desfile.<\/p>\n<p>&nbsp;<\/p>\n<p>&nbsp;<\/p>\n","protected":false},"excerpt":{"rendered":"<p>El Festival Monta\u00f1ero del Tambor y la Carreta se ha <a href=\"https:\/\/sertv.gob.pa\/crisolfm\/celebran-en-los-pozos-el-festival-montanero-del-tambor-y-la-carreta\/\"> [&#8230;]<\/a><\/p>\n","protected":false},"author":64,"featured_media":23139,"comment_status":"closed","ping_status":"closed","sticky":false,"template":"","format":"standard","meta":{"footnotes":""},"categories":[6],"tags":[],"class_list":["post-23138","post","type-post","status-publish","format-standard","has-post-thumbnail","hentry","category-culturales"],"_links":{"self":[{"href":"https:\/\/sertv.gob.pa\/crisolfm\/wp-json\/wp\/v2\/posts\/23138","targetHints":{"allow":["GET"]}}],"collection":[{"href":"https:\/\/sertv.gob.pa\/crisolfm\/wp-json\/wp\/v2\/posts"}],"about":[{"href":"https:\/\/sertv.gob.pa\/crisolfm\/wp-json\/wp\/v2\/types\/post"}],"author":[{"embeddable":true,"href":"https:\/\/sertv.gob.pa\/crisolfm\/wp-json\/wp\/v2\/users\/64"}],"replies":[{"embeddable":true,"href":"https:\/\/sertv.gob.pa\/crisolfm\/wp-json\/wp\/v2\/comments?post=23138"}],"version-history":[{"count":1,"href":"https:\/\/sertv.gob.pa\/crisolfm\/wp-json\/wp\/v2\/posts\/23138\/revisions"}],"predecessor-version":[{"id":23140,"href":"https:\/\/sertv.gob.pa\/crisolfm\/wp-json\/wp\/v2\/posts\/23138\/revisions\/23140"}],"wp:featuredmedia":[{"embeddable":true,"href":"https:\/\/sertv.gob.pa\/crisolfm\/wp-json\/wp\/v2\/media\/23139"}],"wp:attachment":[{"href":"https:\/\/sertv.gob.pa\/crisolfm\/wp-json\/wp\/v2\/media?parent=23138"}],"wp:term":[{"taxonomy":"category","embeddable":true,"href":"https:\/\/sertv.gob.pa\/crisolfm\/wp-json\/wp\/v2\/categories?post=23138"},{"taxonomy":"post_tag","embeddable":true,"href":"https:\/\/sertv.gob.pa\/crisolfm\/wp-json\/wp\/v2\/tags?post=23138"}],"curies":[{"name":"wp","href":"https:\/\/api.w.org\/{rel}","templated":true}]}}