{"id":23141,"date":"2019-10-14T13:51:59","date_gmt":"2019-10-14T13:51:59","guid":{"rendered":"https:\/\/sertv.gob.pa\/crisolfm\/?p=23141"},"modified":"2019-10-14T13:51:59","modified_gmt":"2019-10-14T13:51:59","slug":"talentos-que-hacen-de-panama-un-mejor-pais-seran-premiados","status":"publish","type":"post","link":"https:\/\/sertv.gob.pa\/crisolfm\/talentos-que-hacen-de-panama-un-mejor-pais-seran-premiados\/","title":{"rendered":"Talentos que hacen de Panam\u00e1 un mejor pa\u00eds ser\u00e1n premiados"},"content":{"rendered":"<p>La fundaci\u00f3n Panam\u00e1 en Positivo, desde hace 5 a\u00f1os, premia a distintas empresas, fundaciones, activistas, profesionales de la comunicaci\u00f3n, del arte, m\u00fasica, deporte y cultura, as\u00ed como igualmente, influenciadores, emprendedores, sostenibilidad ambiental y pa\u00eds amigo \u201cen positivo\u201d, quienes por sus buenas acciones hacen de Panam\u00e1 un mejor pa\u00eds.<\/p>\n<p>Cibeles de Freitas, quien forma parte del comit\u00e9 organizador de esta actividad, manifest\u00f3 que este a\u00f1o la plataforma lanz\u00f3 13 categor\u00edas y en cada una participan 5 nominados; es decir, 65 personas en total. \u201cAgregamos la categor\u00eda Turismo en Positivo porque sabemos que este sector tiene un gran impacto en la econom\u00eda paname\u00f1a\u201d, acot\u00f3 De Freitas durante una conferencia de prensa.<\/p>\n<p>Otra novedad es que el Sistema Estatal de Radio y Televisi\u00f3n (Sertv, canal 11) transmitir\u00e1 en vivo la gala en la que se revelar\u00e1 a los ganadores de cada categor\u00eda.<\/p>\n<p>&nbsp;<\/p>\n","protected":false},"excerpt":{"rendered":"<p>La fundaci\u00f3n Panam\u00e1 en Positivo, desde hace 5 a\u00f1os, premia <a href=\"https:\/\/sertv.gob.pa\/crisolfm\/talentos-que-hacen-de-panama-un-mejor-pais-seran-premiados\/\"> [&#8230;]<\/a><\/p>\n","protected":false},"author":64,"featured_media":23142,"comment_status":"closed","ping_status":"closed","sticky":false,"template":"","format":"standard","meta":{"footnotes":""},"categories":[6],"tags":[],"class_list":["post-23141","post","type-post","status-publish","format-standard","has-post-thumbnail","hentry","category-culturales"],"_links":{"self":[{"href":"https:\/\/sertv.gob.pa\/crisolfm\/wp-json\/wp\/v2\/posts\/23141","targetHints":{"allow":["GET"]}}],"collection":[{"href":"https:\/\/sertv.gob.pa\/crisolfm\/wp-json\/wp\/v2\/posts"}],"about":[{"href":"https:\/\/sertv.gob.pa\/crisolfm\/wp-json\/wp\/v2\/types\/post"}],"author":[{"embeddable":true,"href":"https:\/\/sertv.gob.pa\/crisolfm\/wp-json\/wp\/v2\/users\/64"}],"replies":[{"embeddable":true,"href":"https:\/\/sertv.gob.pa\/crisolfm\/wp-json\/wp\/v2\/comments?post=23141"}],"version-history":[{"count":1,"href":"https:\/\/sertv.gob.pa\/crisolfm\/wp-json\/wp\/v2\/posts\/23141\/revisions"}],"predecessor-version":[{"id":23143,"href":"https:\/\/sertv.gob.pa\/crisolfm\/wp-json\/wp\/v2\/posts\/23141\/revisions\/23143"}],"wp:featuredmedia":[{"embeddable":true,"href":"https:\/\/sertv.gob.pa\/crisolfm\/wp-json\/wp\/v2\/media\/23142"}],"wp:attachment":[{"href":"https:\/\/sertv.gob.pa\/crisolfm\/wp-json\/wp\/v2\/media?parent=23141"}],"wp:term":[{"taxonomy":"category","embeddable":true,"href":"https:\/\/sertv.gob.pa\/crisolfm\/wp-json\/wp\/v2\/categories?post=23141"},{"taxonomy":"post_tag","embeddable":true,"href":"https:\/\/sertv.gob.pa\/crisolfm\/wp-json\/wp\/v2\/tags?post=23141"}],"curies":[{"name":"wp","href":"https:\/\/api.w.org\/{rel}","templated":true}]}}