{"id":23144,"date":"2019-10-14T14:05:35","date_gmt":"2019-10-14T14:05:35","guid":{"rendered":"https:\/\/sertv.gob.pa\/crisolfm\/?p=23144"},"modified":"2019-10-14T14:05:35","modified_gmt":"2019-10-14T14:05:35","slug":"el-papa-canoniza-a-la-primera-santa-brasilena","status":"publish","type":"post","link":"https:\/\/sertv.gob.pa\/crisolfm\/el-papa-canoniza-a-la-primera-santa-brasilena\/","title":{"rendered":"El papa canoniza a la primera santa brasile\u00f1a"},"content":{"rendered":"<p>El papa Francisco canoniz\u00f3 este domingo en la bas\u00edlica de San Pedro a Dulce Lopes Pontes, que se convirti\u00f3 en la primera santa nacida en Brasil, adem\u00e1s de al cardenal John Henry Newman, sacerdote converso del anglicanismo, y a otras tres santas.<\/p>\n<p>La nueva santa latinoamericana, cuyo verdadero nombre era Maria Rita Lopes, nacida en 1914, de las Hermanas Misioneras de la Inmaculada Concepci\u00f3n de la Madre de Dios, fue proclamada santa ante numerosos obispos, religiosos y misioneras de su pa\u00eds que asistieron al s\u00ednodo para la defensa de la Amazon\u00eda.<\/p>\n<p>\u00abHoy damos gracias al Se\u00f1or por los nuevos santos, que han caminado en la fe y ahora invocamos como intercesores\u00bb, declar\u00f3 el papa Francisco en un discurso el domingo. \u00abTres son religiosas y nos muestran que la vida consagrada es un camino de amor en las periferias existenciales del mundo\u00bb, agreg\u00f3.\u00a0 En la ceremonia solemne estuvo presente el heredero al trono brit\u00e1nico, el pr\u00edncipe Carlos.<\/p>\n<p>Frente a la fachada de la bas\u00edlica, luc\u00eda un enorme retrato de la misionera, conocida con el nombre de Dulce, y de los otros cuatro santos.\u00a0Al igual que la Madre Teresa de Calcuta, la Hermana Dulce entreg\u00f3 su vida al servicio de los necesitados y desarroll\u00f3 una obra social en su natal Bah\u00eda donde fund\u00f3 varios hospitales de caridad y una red de apoyo social que dirigi\u00f3 hasta su muerte en 1992, a los 77 a\u00f1os de edad.<\/p>\n<p>AFP<\/p>\n","protected":false},"excerpt":{"rendered":"<p>El papa Francisco canoniz\u00f3 este domingo en la bas\u00edlica de <a href=\"https:\/\/sertv.gob.pa\/crisolfm\/el-papa-canoniza-a-la-primera-santa-brasilena\/\"> [&#8230;]<\/a><\/p>\n","protected":false},"author":64,"featured_media":23145,"comment_status":"closed","ping_status":"closed","sticky":false,"template":"","format":"standard","meta":{"footnotes":""},"categories":[6],"tags":[],"class_list":["post-23144","post","type-post","status-publish","format-standard","has-post-thumbnail","hentry","category-culturales"],"_links":{"self":[{"href":"https:\/\/sertv.gob.pa\/crisolfm\/wp-json\/wp\/v2\/posts\/23144","targetHints":{"allow":["GET"]}}],"collection":[{"href":"https:\/\/sertv.gob.pa\/crisolfm\/wp-json\/wp\/v2\/posts"}],"about":[{"href":"https:\/\/sertv.gob.pa\/crisolfm\/wp-json\/wp\/v2\/types\/post"}],"author":[{"embeddable":true,"href":"https:\/\/sertv.gob.pa\/crisolfm\/wp-json\/wp\/v2\/users\/64"}],"replies":[{"embeddable":true,"href":"https:\/\/sertv.gob.pa\/crisolfm\/wp-json\/wp\/v2\/comments?post=23144"}],"version-history":[{"count":1,"href":"https:\/\/sertv.gob.pa\/crisolfm\/wp-json\/wp\/v2\/posts\/23144\/revisions"}],"predecessor-version":[{"id":23146,"href":"https:\/\/sertv.gob.pa\/crisolfm\/wp-json\/wp\/v2\/posts\/23144\/revisions\/23146"}],"wp:featuredmedia":[{"embeddable":true,"href":"https:\/\/sertv.gob.pa\/crisolfm\/wp-json\/wp\/v2\/media\/23145"}],"wp:attachment":[{"href":"https:\/\/sertv.gob.pa\/crisolfm\/wp-json\/wp\/v2\/media?parent=23144"}],"wp:term":[{"taxonomy":"category","embeddable":true,"href":"https:\/\/sertv.gob.pa\/crisolfm\/wp-json\/wp\/v2\/categories?post=23144"},{"taxonomy":"post_tag","embeddable":true,"href":"https:\/\/sertv.gob.pa\/crisolfm\/wp-json\/wp\/v2\/tags?post=23144"}],"curies":[{"name":"wp","href":"https:\/\/api.w.org\/{rel}","templated":true}]}}