{"id":23159,"date":"2019-10-14T15:24:17","date_gmt":"2019-10-14T15:24:17","guid":{"rendered":"https:\/\/sertv.gob.pa\/crisolfm\/?p=23159"},"modified":"2019-10-14T15:24:17","modified_gmt":"2019-10-14T15:24:17","slug":"luz-solar-el-gran-aliado-para-degradar-el-plastico","status":"publish","type":"post","link":"https:\/\/sertv.gob.pa\/crisolfm\/luz-solar-el-gran-aliado-para-degradar-el-plastico\/","title":{"rendered":"Luz solar \u2018el gran aliado\u2019 para degradar el pl\u00e1stico"},"content":{"rendered":"<p>El <strong>poliestireno<\/strong>, uno de los pl\u00e1sticos m\u00e1s ubicuos del mundo, puede degradarse en d\u00e9cadas o siglos cuando se expone a la luz solar, en lugar de miles de a\u00f1os como se pensaba anteriormente. Es la conclusi\u00f3n de un estudio de investigadores de la Instituci\u00f3n Oceanogr\u00e1fica Woods Hole (WHOI), publicado en &#8216;Environmental Science and Technology Letters&#8217;.<\/p>\n<p>\u00abEn este momento, los responsables pol\u00edticos generalmente asumen que el poliestireno dura para siempre en el medio ambiente &#8211;apunta Collin Ward, qu\u00edmico marino del WHOI y autor principal del estudio&#8211;. Eso es parte de la justificaci\u00f3n para escribir una pol\u00edtica que lo proh\u00edba y una de nuestras motivaciones para este estudio fue entender <strong>si el poliestireno realmente dura<\/strong> para siempre\u00bb. \u00abNo estamos diciendo que la contaminaci\u00f3n por pl\u00e1sticos no sea mala &#8211;puntualiza en un comunicado&#8211;, solo que la persistencia del poliestireno en el medio ambiente puede ser m\u00e1s corto y probablemente m\u00e1s complicado de lo que hab\u00edamos cre\u00eddo hasta ahora. Pero la posibilidad de da\u00f1os al medio ambiente durante d\u00e9cadas todav\u00eda est\u00e1 ah\u00ed\u00bb.<\/p>\n<p>El poliestireno se ha detectado asiduamente en los oc\u00e9anos del mundo desde la d\u00e9cada de 1970.<\/p>\n<p>Ward dice que la idea de que la<strong> luz del sol degrada los pl\u00e1sticos<\/strong> no es nada nuevo: \u00abBasta con mirar los juguetes de pl\u00e1stico, los bancos de los parques o las sillas de jard\u00edn, que pueden decolorarse r\u00e1pidamente\u00bb. Sin embargo, el estudio del WHOI muestra que la luz solar no solo hace que los pl\u00e1sticos se descompongan f\u00edsicamente, sino que tambi\u00e9n los degrada qu\u00edmicamente en carbono org\u00e1nico disuelto y trazas de di\u00f3xido de carbono, a niveles demasiado bajos para afectar el cambio clim\u00e1tico.<\/p>\n<p>ECOticias<\/p>\n","protected":false},"excerpt":{"rendered":"<p>El poliestireno, uno de los pl\u00e1sticos m\u00e1s ubicuos del mundo, <a href=\"https:\/\/sertv.gob.pa\/crisolfm\/luz-solar-el-gran-aliado-para-degradar-el-plastico\/\"> [&#8230;]<\/a><\/p>\n","protected":false},"author":64,"featured_media":23160,"comment_status":"closed","ping_status":"closed","sticky":false,"template":"","format":"standard","meta":{"footnotes":""},"categories":[7],"tags":[],"class_list":["post-23159","post","type-post","status-publish","format-standard","has-post-thumbnail","hentry","category-ecologicas"],"_links":{"self":[{"href":"https:\/\/sertv.gob.pa\/crisolfm\/wp-json\/wp\/v2\/posts\/23159","targetHints":{"allow":["GET"]}}],"collection":[{"href":"https:\/\/sertv.gob.pa\/crisolfm\/wp-json\/wp\/v2\/posts"}],"about":[{"href":"https:\/\/sertv.gob.pa\/crisolfm\/wp-json\/wp\/v2\/types\/post"}],"author":[{"embeddable":true,"href":"https:\/\/sertv.gob.pa\/crisolfm\/wp-json\/wp\/v2\/users\/64"}],"replies":[{"embeddable":true,"href":"https:\/\/sertv.gob.pa\/crisolfm\/wp-json\/wp\/v2\/comments?post=23159"}],"version-history":[{"count":1,"href":"https:\/\/sertv.gob.pa\/crisolfm\/wp-json\/wp\/v2\/posts\/23159\/revisions"}],"predecessor-version":[{"id":23161,"href":"https:\/\/sertv.gob.pa\/crisolfm\/wp-json\/wp\/v2\/posts\/23159\/revisions\/23161"}],"wp:featuredmedia":[{"embeddable":true,"href":"https:\/\/sertv.gob.pa\/crisolfm\/wp-json\/wp\/v2\/media\/23160"}],"wp:attachment":[{"href":"https:\/\/sertv.gob.pa\/crisolfm\/wp-json\/wp\/v2\/media?parent=23159"}],"wp:term":[{"taxonomy":"category","embeddable":true,"href":"https:\/\/sertv.gob.pa\/crisolfm\/wp-json\/wp\/v2\/categories?post=23159"},{"taxonomy":"post_tag","embeddable":true,"href":"https:\/\/sertv.gob.pa\/crisolfm\/wp-json\/wp\/v2\/tags?post=23159"}],"curies":[{"name":"wp","href":"https:\/\/api.w.org\/{rel}","templated":true}]}}