{"id":23165,"date":"2019-10-14T15:38:26","date_gmt":"2019-10-14T15:38:26","guid":{"rendered":"https:\/\/sertv.gob.pa\/crisolfm\/?p=23165"},"modified":"2019-10-14T15:38:26","modified_gmt":"2019-10-14T15:38:26","slug":"las-olas-de-calor-seran-tremendas-a-mitad-de-siglo","status":"publish","type":"post","link":"https:\/\/sertv.gob.pa\/crisolfm\/las-olas-de-calor-seran-tremendas-a-mitad-de-siglo\/","title":{"rendered":"Las olas de calor ser\u00e1n \u2018tremendas\u2019 a mitad de siglo"},"content":{"rendered":"<p>Bajo altas concentraciones de gases de efecto invernadero, el tama\u00f1o promedio podr\u00eda aumentar en un 80% y las <strong>olas de calor m\u00e1s extremas <\/strong>podr\u00edan duplicar su tama\u00f1o. \u00abA medida que aumenta el tama\u00f1o f\u00edsico de estas regiones afectadas, m\u00e1s personas estar\u00e1n expuestas al <strong>estr\u00e9s por calor<\/strong>\u00ab, dijo Brad Lyon, profesor asociado de investigaci\u00f3n en la Universidad de Maine y autor principal de la nueva investigaci\u00f3n, publicada en Environmental Research Letters.<\/p>\n<p>\u00abLas olas de calor m\u00e1s grandes tambi\u00e9n aumentar\u00edan las cargas el\u00e9ctricas y la demanda m\u00e1xima de energ\u00eda en la red a medida que m\u00e1s personas y empresas enciendan el aire acondicionado en respuesta\u00bb.<\/p>\n<p>Adem\u00e1s del tama\u00f1o de la ola de calor y la poblaci\u00f3n expuesta, los autores descubrieron que los atributos relacionados, como la duraci\u00f3n, la magnitud y los<strong> d\u00edas de grado de enfriamiento<\/strong> (una medida para el uso de energ\u00eda) podr\u00edan aumentar sustancialmente. Sin embargo, Lyon se\u00f1al\u00f3 que estos resultados no fueron particularmente sorprendentes.<\/p>\n<p>&nbsp;<\/p>\n<p>ECOticias<\/p>\n","protected":false},"excerpt":{"rendered":"<p>Bajo altas concentraciones de gases de efecto invernadero, el tama\u00f1o <a href=\"https:\/\/sertv.gob.pa\/crisolfm\/las-olas-de-calor-seran-tremendas-a-mitad-de-siglo\/\"> [&#8230;]<\/a><\/p>\n","protected":false},"author":64,"featured_media":23166,"comment_status":"closed","ping_status":"closed","sticky":false,"template":"","format":"standard","meta":{"footnotes":""},"categories":[7],"tags":[],"class_list":["post-23165","post","type-post","status-publish","format-standard","has-post-thumbnail","hentry","category-ecologicas"],"_links":{"self":[{"href":"https:\/\/sertv.gob.pa\/crisolfm\/wp-json\/wp\/v2\/posts\/23165","targetHints":{"allow":["GET"]}}],"collection":[{"href":"https:\/\/sertv.gob.pa\/crisolfm\/wp-json\/wp\/v2\/posts"}],"about":[{"href":"https:\/\/sertv.gob.pa\/crisolfm\/wp-json\/wp\/v2\/types\/post"}],"author":[{"embeddable":true,"href":"https:\/\/sertv.gob.pa\/crisolfm\/wp-json\/wp\/v2\/users\/64"}],"replies":[{"embeddable":true,"href":"https:\/\/sertv.gob.pa\/crisolfm\/wp-json\/wp\/v2\/comments?post=23165"}],"version-history":[{"count":1,"href":"https:\/\/sertv.gob.pa\/crisolfm\/wp-json\/wp\/v2\/posts\/23165\/revisions"}],"predecessor-version":[{"id":23167,"href":"https:\/\/sertv.gob.pa\/crisolfm\/wp-json\/wp\/v2\/posts\/23165\/revisions\/23167"}],"wp:featuredmedia":[{"embeddable":true,"href":"https:\/\/sertv.gob.pa\/crisolfm\/wp-json\/wp\/v2\/media\/23166"}],"wp:attachment":[{"href":"https:\/\/sertv.gob.pa\/crisolfm\/wp-json\/wp\/v2\/media?parent=23165"}],"wp:term":[{"taxonomy":"category","embeddable":true,"href":"https:\/\/sertv.gob.pa\/crisolfm\/wp-json\/wp\/v2\/categories?post=23165"},{"taxonomy":"post_tag","embeddable":true,"href":"https:\/\/sertv.gob.pa\/crisolfm\/wp-json\/wp\/v2\/tags?post=23165"}],"curies":[{"name":"wp","href":"https:\/\/api.w.org\/{rel}","templated":true}]}}