{"id":23168,"date":"2019-10-14T16:21:50","date_gmt":"2019-10-14T16:21:50","guid":{"rendered":"https:\/\/sertv.gob.pa\/crisolfm\/?p=23168"},"modified":"2019-10-14T16:21:50","modified_gmt":"2019-10-14T16:21:50","slug":"barcelona-propone-eliminar-el-diesel-y-el-plastico-de-un-solo-uso","status":"publish","type":"post","link":"https:\/\/sertv.gob.pa\/crisolfm\/barcelona-propone-eliminar-el-diesel-y-el-plastico-de-un-solo-uso\/","title":{"rendered":"Barcelona propone eliminar el di\u00e9sel, y el pl\u00e1stico de un solo uso"},"content":{"rendered":"<p>La alcaldesa de Barcelona, Ada Colau, ha propuesto<strong> terminar con el di\u00e9sel<\/strong>, apostar por las renovables, eliminar el uso del pl\u00e1stico de un solo uso y limitar los vuelos, especialmente de aquellos trayectos cortos que tienen alternativa por tren, seg\u00fan ha informado el consistorio en un comunicado. Lo ha dicho durante su intervenci\u00f3n en la cumbre mundial de grandes ciudades que desde el mi\u00e9rcoles se re\u00fanen en Copenhague (Dinamarca) para tratar sobre la emergencia clim\u00e1tica.<\/p>\n<p>La alcaldesa ha reclamado una<strong> \u00abfecha l\u00edmite clara y r\u00e1pida\u00bb <\/strong>para terminar con el di\u00e9sel, ha apostado por la eliminaci\u00f3n del embalaje de alimentos con pl\u00e1stico porque, seg\u00fan ella, se est\u00e1 envenenando el mar, y ha criticado que el acto modelo de la industria agroalimentaria no es sostenible, por lo que ha pedido un cambio.<\/p>\n<p>Adem\u00e1s de Colau, la alcaldesa de Par\u00eds (Francia), Anne Hidalgo, y el de Los \u00c1ngeles (Estados Unidos), Eric Garcetti, presentan este viernes en Copenhague el compromiso de las ciudades por un aire limpio, en el marco de una cumbre mundial de grandes ciudades comprometidas con la emergencia clim\u00e1tica y agrupadas en la red C40.<\/p>\n<p>ECOticias<\/p>\n","protected":false},"excerpt":{"rendered":"<p>La alcaldesa de Barcelona, Ada Colau, ha propuesto terminar con <a href=\"https:\/\/sertv.gob.pa\/crisolfm\/barcelona-propone-eliminar-el-diesel-y-el-plastico-de-un-solo-uso\/\"> [&#8230;]<\/a><\/p>\n","protected":false},"author":64,"featured_media":23169,"comment_status":"closed","ping_status":"closed","sticky":false,"template":"","format":"standard","meta":{"footnotes":""},"categories":[7],"tags":[],"class_list":["post-23168","post","type-post","status-publish","format-standard","has-post-thumbnail","hentry","category-ecologicas"],"_links":{"self":[{"href":"https:\/\/sertv.gob.pa\/crisolfm\/wp-json\/wp\/v2\/posts\/23168","targetHints":{"allow":["GET"]}}],"collection":[{"href":"https:\/\/sertv.gob.pa\/crisolfm\/wp-json\/wp\/v2\/posts"}],"about":[{"href":"https:\/\/sertv.gob.pa\/crisolfm\/wp-json\/wp\/v2\/types\/post"}],"author":[{"embeddable":true,"href":"https:\/\/sertv.gob.pa\/crisolfm\/wp-json\/wp\/v2\/users\/64"}],"replies":[{"embeddable":true,"href":"https:\/\/sertv.gob.pa\/crisolfm\/wp-json\/wp\/v2\/comments?post=23168"}],"version-history":[{"count":1,"href":"https:\/\/sertv.gob.pa\/crisolfm\/wp-json\/wp\/v2\/posts\/23168\/revisions"}],"predecessor-version":[{"id":23170,"href":"https:\/\/sertv.gob.pa\/crisolfm\/wp-json\/wp\/v2\/posts\/23168\/revisions\/23170"}],"wp:featuredmedia":[{"embeddable":true,"href":"https:\/\/sertv.gob.pa\/crisolfm\/wp-json\/wp\/v2\/media\/23169"}],"wp:attachment":[{"href":"https:\/\/sertv.gob.pa\/crisolfm\/wp-json\/wp\/v2\/media?parent=23168"}],"wp:term":[{"taxonomy":"category","embeddable":true,"href":"https:\/\/sertv.gob.pa\/crisolfm\/wp-json\/wp\/v2\/categories?post=23168"},{"taxonomy":"post_tag","embeddable":true,"href":"https:\/\/sertv.gob.pa\/crisolfm\/wp-json\/wp\/v2\/tags?post=23168"}],"curies":[{"name":"wp","href":"https:\/\/api.w.org\/{rel}","templated":true}]}}