{"id":23179,"date":"2019-10-15T13:45:00","date_gmt":"2019-10-15T13:45:00","guid":{"rendered":"https:\/\/sertv.gob.pa\/crisolfm\/?p=23179"},"modified":"2019-10-15T13:45:00","modified_gmt":"2019-10-15T13:45:00","slug":"ganadores-del-premio-de-literatura-ricardo-miro-2019","status":"publish","type":"post","link":"https:\/\/sertv.gob.pa\/crisolfm\/ganadores-del-premio-de-literatura-ricardo-miro-2019\/","title":{"rendered":"Ganadores del Premio de Literatura Ricardo Mir\u00f3 2019"},"content":{"rendered":"<p>El Ministerio de Cultura revel\u00f3 la noche de este lunes los ganadores del m\u00e1ximo galard\u00f3n de las letras, en la septuag\u00e9sima s\u00e9ptima versi\u00f3n del Premio Nacional de Literatura Ricardo Mir\u00f3 2019, que comprende las categor\u00edas de cuento, novela, ensayo, poes\u00eda y teatro.<\/p>\n<ul>\n<li>Secci\u00f3n teatro: \u00ab<strong>Sucede que me canso de ser hombre\u00bb<\/strong> de Jhavier Romero Hern\u00e1ndez<\/li>\n<\/ul>\n<ul>\n<li>Secci\u00f3n novela: \u00ab<strong>Cr\u00f3nicas del solar<\/strong>\u00bb de Pedro Crenes Castro.<\/li>\n<\/ul>\n<ul>\n<li>Secci\u00f3n cuento: \u00ab<strong>Paisaje clandestin<\/strong>o \u00bb de Arturo Wong Sagel.<\/li>\n<\/ul>\n<ul>\n<li>Secci\u00f3n ensayo: \u00ab<strong>Mestizaje, mujeres y mitos<\/strong>\u00bb de Danae Brugiati<\/li>\n<\/ul>\n<ul>\n<li>Secci\u00f3n poes\u00eda: \u00ab<strong>Camila<\/strong>\u00bb de Edwin Gonz\u00e1lez Alarc\u00f3n.<\/li>\n<\/ul>\n<p>Los cinco ganadores del m\u00e1ximo galard\u00f3n de las letras, de un total de 177 obras in\u00e9ditas, fueron evaluados por 10 jurados internacionales provenientes de Cuba, Argentina, Per\u00fa, Colombia, Rep\u00fablica Dominicana, Costa Rica, Espa\u00f1a y El Salvador.<\/p>\n<p>&nbsp;<\/p>\n","protected":false},"excerpt":{"rendered":"<p>El Ministerio de Cultura revel\u00f3 la noche de este lunes <a href=\"https:\/\/sertv.gob.pa\/crisolfm\/ganadores-del-premio-de-literatura-ricardo-miro-2019\/\"> [&#8230;]<\/a><\/p>\n","protected":false},"author":64,"featured_media":23180,"comment_status":"closed","ping_status":"closed","sticky":false,"template":"","format":"standard","meta":{"footnotes":""},"categories":[6],"tags":[],"class_list":["post-23179","post","type-post","status-publish","format-standard","has-post-thumbnail","hentry","category-culturales"],"_links":{"self":[{"href":"https:\/\/sertv.gob.pa\/crisolfm\/wp-json\/wp\/v2\/posts\/23179","targetHints":{"allow":["GET"]}}],"collection":[{"href":"https:\/\/sertv.gob.pa\/crisolfm\/wp-json\/wp\/v2\/posts"}],"about":[{"href":"https:\/\/sertv.gob.pa\/crisolfm\/wp-json\/wp\/v2\/types\/post"}],"author":[{"embeddable":true,"href":"https:\/\/sertv.gob.pa\/crisolfm\/wp-json\/wp\/v2\/users\/64"}],"replies":[{"embeddable":true,"href":"https:\/\/sertv.gob.pa\/crisolfm\/wp-json\/wp\/v2\/comments?post=23179"}],"version-history":[{"count":1,"href":"https:\/\/sertv.gob.pa\/crisolfm\/wp-json\/wp\/v2\/posts\/23179\/revisions"}],"predecessor-version":[{"id":23181,"href":"https:\/\/sertv.gob.pa\/crisolfm\/wp-json\/wp\/v2\/posts\/23179\/revisions\/23181"}],"wp:featuredmedia":[{"embeddable":true,"href":"https:\/\/sertv.gob.pa\/crisolfm\/wp-json\/wp\/v2\/media\/23180"}],"wp:attachment":[{"href":"https:\/\/sertv.gob.pa\/crisolfm\/wp-json\/wp\/v2\/media?parent=23179"}],"wp:term":[{"taxonomy":"category","embeddable":true,"href":"https:\/\/sertv.gob.pa\/crisolfm\/wp-json\/wp\/v2\/categories?post=23179"},{"taxonomy":"post_tag","embeddable":true,"href":"https:\/\/sertv.gob.pa\/crisolfm\/wp-json\/wp\/v2\/tags?post=23179"}],"curies":[{"name":"wp","href":"https:\/\/api.w.org\/{rel}","templated":true}]}}