{"id":23182,"date":"2019-10-15T13:49:40","date_gmt":"2019-10-15T13:49:40","guid":{"rendered":"https:\/\/sertv.gob.pa\/crisolfm\/?p=23182"},"modified":"2019-10-15T13:49:40","modified_gmt":"2019-10-15T13:49:40","slug":"ellus-inicia-la-semana-de-la-moda-de-sao-paulo-con-defensa-de-la-amazonia","status":"publish","type":"post","link":"https:\/\/sertv.gob.pa\/crisolfm\/ellus-inicia-la-semana-de-la-moda-de-sao-paulo-con-defensa-de-la-amazonia\/","title":{"rendered":"Ellus inicia la Semana de la Moda de Sao Paulo con defensa de la Amazon\u00eda"},"content":{"rendered":"<p>Despu\u00e9s de cuatro ediciones alejada de las pasarelas, la prestigiada firma brasile\u00f1a de jeans Ellus arranc\u00f3 este domingo la 48\u00aa Semana de la Moda de Sao Paulo con un exclusivo desfile en el centro cultural Farol Santander, que rindi\u00f3 tributo a la Amazon\u00eda, al medioambiente y a las identidades individuales. La marca present\u00f3 a un selecto grupo de invitados su habitual mezcla de moda vaquera, ropas utilitarias y piezas deportivas, que le alz\u00f3 a la fama sobre todo entre los consumidores m\u00e1s j\u00f3venes.<\/p>\n<p>En su colecci\u00f3n de invierno, firmada por los estilistas Thiago Marcon y Muriel Mingossi, Ellus recuper\u00f3 su \u00abhistoria de identidad y consciencia\u00bb y se propuso a romper barreras \u00abde forma activista y verdadera\u00bb.<\/p>\n<p>En la pasarela, el manifiesto ambientalista de la firma qued\u00f3 evidente tanto en las piezas lucidas -que incluyeron m\u00e1scaras y guantes en una paleta de colores sobrios- como en una protesta realizada al final del desfile, cuando modelos y miembros del equipo t\u00e9cnico circularon entre los espectadores sosteniendo pancartas que ped\u00edan acciones m\u00e1s eficaces para la preservaci\u00f3n del medioambiente.<\/p>\n<p>EFE<\/p>\n","protected":false},"excerpt":{"rendered":"<p>Despu\u00e9s de cuatro ediciones alejada de las pasarelas, la prestigiada <a href=\"https:\/\/sertv.gob.pa\/crisolfm\/ellus-inicia-la-semana-de-la-moda-de-sao-paulo-con-defensa-de-la-amazonia\/\"> [&#8230;]<\/a><\/p>\n","protected":false},"author":64,"featured_media":23183,"comment_status":"closed","ping_status":"closed","sticky":false,"template":"","format":"standard","meta":{"footnotes":""},"categories":[6],"tags":[],"class_list":["post-23182","post","type-post","status-publish","format-standard","has-post-thumbnail","hentry","category-culturales"],"_links":{"self":[{"href":"https:\/\/sertv.gob.pa\/crisolfm\/wp-json\/wp\/v2\/posts\/23182","targetHints":{"allow":["GET"]}}],"collection":[{"href":"https:\/\/sertv.gob.pa\/crisolfm\/wp-json\/wp\/v2\/posts"}],"about":[{"href":"https:\/\/sertv.gob.pa\/crisolfm\/wp-json\/wp\/v2\/types\/post"}],"author":[{"embeddable":true,"href":"https:\/\/sertv.gob.pa\/crisolfm\/wp-json\/wp\/v2\/users\/64"}],"replies":[{"embeddable":true,"href":"https:\/\/sertv.gob.pa\/crisolfm\/wp-json\/wp\/v2\/comments?post=23182"}],"version-history":[{"count":1,"href":"https:\/\/sertv.gob.pa\/crisolfm\/wp-json\/wp\/v2\/posts\/23182\/revisions"}],"predecessor-version":[{"id":23184,"href":"https:\/\/sertv.gob.pa\/crisolfm\/wp-json\/wp\/v2\/posts\/23182\/revisions\/23184"}],"wp:featuredmedia":[{"embeddable":true,"href":"https:\/\/sertv.gob.pa\/crisolfm\/wp-json\/wp\/v2\/media\/23183"}],"wp:attachment":[{"href":"https:\/\/sertv.gob.pa\/crisolfm\/wp-json\/wp\/v2\/media?parent=23182"}],"wp:term":[{"taxonomy":"category","embeddable":true,"href":"https:\/\/sertv.gob.pa\/crisolfm\/wp-json\/wp\/v2\/categories?post=23182"},{"taxonomy":"post_tag","embeddable":true,"href":"https:\/\/sertv.gob.pa\/crisolfm\/wp-json\/wp\/v2\/tags?post=23182"}],"curies":[{"name":"wp","href":"https:\/\/api.w.org\/{rel}","templated":true}]}}