{"id":23196,"date":"2019-10-15T14:26:04","date_gmt":"2019-10-15T14:26:04","guid":{"rendered":"https:\/\/sertv.gob.pa\/crisolfm\/?p=23196"},"modified":"2019-10-15T14:26:04","modified_gmt":"2019-10-15T14:26:04","slug":"panamenos-se-destacan-en-el-desfile-de-la-hispanidad-en-nueva-york","status":"publish","type":"post","link":"https:\/\/sertv.gob.pa\/crisolfm\/panamenos-se-destacan-en-el-desfile-de-la-hispanidad-en-nueva-york\/","title":{"rendered":"Paname\u00f1os se destacan en el Desfile de la Hispanidad en Nueva York"},"content":{"rendered":"<p>El pasado 12 de octubre, nacionales dijeron presente en la versi\u00f3n n\u00famero 24 del Desfile de Paname\u00f1os en Brooklyn, Estados Unidos, en celebraci\u00f3n al Desfile de la Hispanidad.<\/p>\n<p>Todos los a\u00f1os, una importante delegaci\u00f3n de nacionales luce sus mejores trajes t\u00edpicos\u00a0en La Quinta Avenida de Manhattan,\u00a0al son de la m\u00fasica que nos representa, para deleitar al p\u00fablico que se re\u00fane a lo largo de esta calle.<\/p>\n<h5>Los nacionales residentes en Estados Unidos y los que viven en Panam\u00e1 se reunieron con sus mejores vestidos e interpretaron canciones t\u00edpicas de este pa\u00eds durante su recorrido por la quinta avenida de Manhattan en el condado de Estados Unidos<\/h5>\n<p>&nbsp;<\/p>\n<p>&nbsp;<\/p>\n","protected":false},"excerpt":{"rendered":"<p>El pasado 12 de octubre, nacionales dijeron presente en la <a href=\"https:\/\/sertv.gob.pa\/crisolfm\/panamenos-se-destacan-en-el-desfile-de-la-hispanidad-en-nueva-york\/\"> [&#8230;]<\/a><\/p>\n","protected":false},"author":64,"featured_media":23197,"comment_status":"closed","ping_status":"closed","sticky":false,"template":"","format":"standard","meta":{"footnotes":""},"categories":[6],"tags":[],"class_list":["post-23196","post","type-post","status-publish","format-standard","has-post-thumbnail","hentry","category-culturales"],"_links":{"self":[{"href":"https:\/\/sertv.gob.pa\/crisolfm\/wp-json\/wp\/v2\/posts\/23196","targetHints":{"allow":["GET"]}}],"collection":[{"href":"https:\/\/sertv.gob.pa\/crisolfm\/wp-json\/wp\/v2\/posts"}],"about":[{"href":"https:\/\/sertv.gob.pa\/crisolfm\/wp-json\/wp\/v2\/types\/post"}],"author":[{"embeddable":true,"href":"https:\/\/sertv.gob.pa\/crisolfm\/wp-json\/wp\/v2\/users\/64"}],"replies":[{"embeddable":true,"href":"https:\/\/sertv.gob.pa\/crisolfm\/wp-json\/wp\/v2\/comments?post=23196"}],"version-history":[{"count":1,"href":"https:\/\/sertv.gob.pa\/crisolfm\/wp-json\/wp\/v2\/posts\/23196\/revisions"}],"predecessor-version":[{"id":23198,"href":"https:\/\/sertv.gob.pa\/crisolfm\/wp-json\/wp\/v2\/posts\/23196\/revisions\/23198"}],"wp:featuredmedia":[{"embeddable":true,"href":"https:\/\/sertv.gob.pa\/crisolfm\/wp-json\/wp\/v2\/media\/23197"}],"wp:attachment":[{"href":"https:\/\/sertv.gob.pa\/crisolfm\/wp-json\/wp\/v2\/media?parent=23196"}],"wp:term":[{"taxonomy":"category","embeddable":true,"href":"https:\/\/sertv.gob.pa\/crisolfm\/wp-json\/wp\/v2\/categories?post=23196"},{"taxonomy":"post_tag","embeddable":true,"href":"https:\/\/sertv.gob.pa\/crisolfm\/wp-json\/wp\/v2\/tags?post=23196"}],"curies":[{"name":"wp","href":"https:\/\/api.w.org\/{rel}","templated":true}]}}