{"id":23212,"date":"2019-10-15T15:25:28","date_gmt":"2019-10-15T15:25:28","guid":{"rendered":"https:\/\/sertv.gob.pa\/crisolfm\/?p=23212"},"modified":"2019-10-15T15:25:28","modified_gmt":"2019-10-15T15:25:28","slug":"mexico-corrobora-su-compromiso-en-la-lucha-contra-al-cambio-climatico","status":"publish","type":"post","link":"https:\/\/sertv.gob.pa\/crisolfm\/mexico-corrobora-su-compromiso-en-la-lucha-contra-al-cambio-climatico\/","title":{"rendered":"M\u00e9xico corrobora su compromiso en la lucha contra al cambio clim\u00e1tico"},"content":{"rendered":"<p>Como parte del proceso preparatorio de la COP 25 (a celebrarse el pr\u00f3ximo 2 de diciembre en Chile), M\u00e9xico particip\u00f3 en reuniones para el intercambio de informaci\u00f3n y buenas pr\u00e1cticas para combatir el cambio clim\u00e1tico, incluyendo las reglas que deber\u00e1n regir el comercio internacional de carbono bajo el art\u00edculo 6 del Acuerdo de Par\u00eds y el fortalecimiento del <strong>Mecanismo de Varsovia sobre P\u00e9rdidas y Da\u00f1os. <\/strong>Asimismo, en la revisi\u00f3n del Programa de Trabajo de Lima sobre G\u00e9nero y el Plan de Acci\u00f3n, nuestro pa\u00eds impuls\u00f3 la perspectiva de g\u00e9nero en materia de cambio clim\u00e1tico, as\u00ed como la identificaci\u00f3n de acciones para el empoderamiento de las mujeres en el proceso de negociaci\u00f3n.<\/p>\n<p>En el marco del Programa Pa\u00eds de Carbono Neutralidad, M\u00e9xico explic\u00f3 sus avances en materia del Registro Nacional de Emisiones como esquema obligatorio de medici\u00f3n, reporte y verificaci\u00f3n para los establecimientos sujetos a reporte de sus emisiones de compuestos y <strong>gases de efecto invernadero <\/strong>y se dio a conocer la reciente publicaci\u00f3n de las bases preliminares del Programa de Prueba del Sistema de Comercio de Emisiones.<\/p>\n<p>Tambi\u00e9n particip\u00f3 en la reuni\u00f3n anual del Programa de la Uni\u00f3n Europea para el Clima, EUROCLIMA+, orientado a apoyar la implementaci\u00f3n de los compromisos del Acuerdo de Par\u00eds en el \u00e1mbito de gobernanza clim\u00e1tica, financiamiento y asistencia t\u00e9cnica para la ejecuci\u00f3n de proyectos.<\/p>\n<p>ECOticias<\/p>\n","protected":false},"excerpt":{"rendered":"<p>Como parte del proceso preparatorio de la COP 25 (a <a href=\"https:\/\/sertv.gob.pa\/crisolfm\/mexico-corrobora-su-compromiso-en-la-lucha-contra-al-cambio-climatico\/\"> [&#8230;]<\/a><\/p>\n","protected":false},"author":64,"featured_media":23213,"comment_status":"closed","ping_status":"closed","sticky":false,"template":"","format":"standard","meta":{"footnotes":""},"categories":[7],"tags":[],"class_list":["post-23212","post","type-post","status-publish","format-standard","has-post-thumbnail","hentry","category-ecologicas"],"_links":{"self":[{"href":"https:\/\/sertv.gob.pa\/crisolfm\/wp-json\/wp\/v2\/posts\/23212","targetHints":{"allow":["GET"]}}],"collection":[{"href":"https:\/\/sertv.gob.pa\/crisolfm\/wp-json\/wp\/v2\/posts"}],"about":[{"href":"https:\/\/sertv.gob.pa\/crisolfm\/wp-json\/wp\/v2\/types\/post"}],"author":[{"embeddable":true,"href":"https:\/\/sertv.gob.pa\/crisolfm\/wp-json\/wp\/v2\/users\/64"}],"replies":[{"embeddable":true,"href":"https:\/\/sertv.gob.pa\/crisolfm\/wp-json\/wp\/v2\/comments?post=23212"}],"version-history":[{"count":1,"href":"https:\/\/sertv.gob.pa\/crisolfm\/wp-json\/wp\/v2\/posts\/23212\/revisions"}],"predecessor-version":[{"id":23214,"href":"https:\/\/sertv.gob.pa\/crisolfm\/wp-json\/wp\/v2\/posts\/23212\/revisions\/23214"}],"wp:featuredmedia":[{"embeddable":true,"href":"https:\/\/sertv.gob.pa\/crisolfm\/wp-json\/wp\/v2\/media\/23213"}],"wp:attachment":[{"href":"https:\/\/sertv.gob.pa\/crisolfm\/wp-json\/wp\/v2\/media?parent=23212"}],"wp:term":[{"taxonomy":"category","embeddable":true,"href":"https:\/\/sertv.gob.pa\/crisolfm\/wp-json\/wp\/v2\/categories?post=23212"},{"taxonomy":"post_tag","embeddable":true,"href":"https:\/\/sertv.gob.pa\/crisolfm\/wp-json\/wp\/v2\/tags?post=23212"}],"curies":[{"name":"wp","href":"https:\/\/api.w.org\/{rel}","templated":true}]}}