{"id":23219,"date":"2019-10-16T13:28:49","date_gmt":"2019-10-16T13:28:49","guid":{"rendered":"https:\/\/sertv.gob.pa\/crisolfm\/?p=23219"},"modified":"2019-10-16T13:28:49","modified_gmt":"2019-10-16T13:28:49","slug":"expo-manualidades-contara-con-expositores-nacionales-e-internacionales","status":"publish","type":"post","link":"https:\/\/sertv.gob.pa\/crisolfm\/expo-manualidades-contara-con-expositores-nacionales-e-internacionales\/","title":{"rendered":"Expo manualidades contar\u00e1 con expositores nacionales e internacionales"},"content":{"rendered":"<p>Un encuentro de talentosos y destacados expositores nacionales e internacionales, provenientes de Guatemala, El Salvador, Costa Rica, Per\u00fa, Venezuela, Colombia, Cuba, Espa\u00f1a y Panam\u00e1, se desarrollar\u00e1 del 18 a 20 de octubre, en el Centro de Convenciones Atlapa, se\u00f1al\u00f3 Ileana Wong, directora de Aileen Art World y organizadora de esta actividad.<\/p>\n<p>En su Vig\u00e9sima Sexta Versi\u00f3n, esta feria que tiene como prop\u00f3sito apoyar al artesano en todas sus facetas y enaltecer el arte manual, va dirigida a toda la familia, ya que pueden apreciar tanto manualidades y artesan\u00edas ya elaboradas, como hallar los insumos y materiales para su respectiva fabricaci\u00f3n.<\/p>\n<p>\u201cComo una novedad, este a\u00f1o contaremos con una exposici\u00f3n artesanal elaborada por los privados de libertad de los diferentes Centros Penitenciarios del pa\u00eds, como parte de los programas de resocializaci\u00f3n<\/p>\n<p>&nbsp;<\/p>\n","protected":false},"excerpt":{"rendered":"<p>Un encuentro de talentosos y destacados expositores nacionales e internacionales, <a href=\"https:\/\/sertv.gob.pa\/crisolfm\/expo-manualidades-contara-con-expositores-nacionales-e-internacionales\/\"> [&#8230;]<\/a><\/p>\n","protected":false},"author":64,"featured_media":23220,"comment_status":"closed","ping_status":"closed","sticky":false,"template":"","format":"standard","meta":{"footnotes":""},"categories":[6],"tags":[],"class_list":["post-23219","post","type-post","status-publish","format-standard","has-post-thumbnail","hentry","category-culturales"],"_links":{"self":[{"href":"https:\/\/sertv.gob.pa\/crisolfm\/wp-json\/wp\/v2\/posts\/23219","targetHints":{"allow":["GET"]}}],"collection":[{"href":"https:\/\/sertv.gob.pa\/crisolfm\/wp-json\/wp\/v2\/posts"}],"about":[{"href":"https:\/\/sertv.gob.pa\/crisolfm\/wp-json\/wp\/v2\/types\/post"}],"author":[{"embeddable":true,"href":"https:\/\/sertv.gob.pa\/crisolfm\/wp-json\/wp\/v2\/users\/64"}],"replies":[{"embeddable":true,"href":"https:\/\/sertv.gob.pa\/crisolfm\/wp-json\/wp\/v2\/comments?post=23219"}],"version-history":[{"count":1,"href":"https:\/\/sertv.gob.pa\/crisolfm\/wp-json\/wp\/v2\/posts\/23219\/revisions"}],"predecessor-version":[{"id":23221,"href":"https:\/\/sertv.gob.pa\/crisolfm\/wp-json\/wp\/v2\/posts\/23219\/revisions\/23221"}],"wp:featuredmedia":[{"embeddable":true,"href":"https:\/\/sertv.gob.pa\/crisolfm\/wp-json\/wp\/v2\/media\/23220"}],"wp:attachment":[{"href":"https:\/\/sertv.gob.pa\/crisolfm\/wp-json\/wp\/v2\/media?parent=23219"}],"wp:term":[{"taxonomy":"category","embeddable":true,"href":"https:\/\/sertv.gob.pa\/crisolfm\/wp-json\/wp\/v2\/categories?post=23219"},{"taxonomy":"post_tag","embeddable":true,"href":"https:\/\/sertv.gob.pa\/crisolfm\/wp-json\/wp\/v2\/tags?post=23219"}],"curies":[{"name":"wp","href":"https:\/\/api.w.org\/{rel}","templated":true}]}}