{"id":23255,"date":"2019-10-16T15:26:49","date_gmt":"2019-10-16T15:26:49","guid":{"rendered":"https:\/\/sertv.gob.pa\/crisolfm\/?p=23255"},"modified":"2019-10-16T15:26:49","modified_gmt":"2019-10-16T15:26:49","slug":"una-empresa-catalana-presenta-sus-capsulas-de-cafe-totalmente-reciclables","status":"publish","type":"post","link":"https:\/\/sertv.gob.pa\/crisolfm\/una-empresa-catalana-presenta-sus-capsulas-de-cafe-totalmente-reciclables\/","title":{"rendered":"Una empresa catalana presenta sus c\u00e1psulas de caf\u00e9 totalmente reciclables"},"content":{"rendered":"<p>\u00ab100% compostable, 100% certificado org\u00e1nico, y al tratarse de una c\u00e1psula estanca, manteniendo las mejores condiciones y cualidades del caf\u00e9\u00bb. As\u00ed define Laura Biason, directora de marketing de Caf\u00e9s Novell, la nueva c\u00e1psula que lanza al mercado esta empresa de Vilafranca del Pened\u00e9s con la intenci\u00f3n de reducir al m\u00e1ximo los residuos de este tipo de productos. Si hace dos a\u00f1os Novell ya lanzaba al mercado una c\u00e1psula compostable ahora comercializan otra que elimina el envase de aluminio o pl\u00e1stico cambi\u00e1ndolo por un material que tarda entre 12 y 20 semanas de proceso de compostaje en una planta industrial, por lo que el consumidor, tras obtener el caf\u00e9, s\u00f3lo deber\u00e1 lanzarlo al contenedor marr\u00f3n.<\/p>\n<p>De esta forma, el compostado se puede usar como abono. La empresa remarca que las nuevas c\u00e1psulas, que pueden encontrarse en diferentes variedades de gustos y sabores, son una alternativa medio ambiental a las habituales de aluminio y pl\u00e1stico, adem\u00e1s de ser competitivas en el mercado por su precio y conservando la calidad del caf\u00e9. Desde que la compa\u00f1\u00eda lanzara hace dos a\u00f1os la primera c\u00e1psula compostable de caf\u00e9 del mercado en Espa\u00f1a, sus ventas se han incrementado en un 60%.<\/p>\n<p>Por eso, Josep Novell, gerente de Caf\u00e9s Novell, remarc\u00f3 la importancia del producto org\u00e1nico y certificado a partir de sus acuerdos con cooperativas, lo que garantiza un producto \u00abde la m\u00e1s alta calidad y controlando todo el proceso, desde la plantaci\u00f3n, hasta la torrefacci\u00f3n y los materiales utilizados para su envase, totalmente sostenibles\u00bb. La empresa detalla que el caf\u00e9 se cultiva bajo sistema de agricultura ecol\u00f3gica sin herbicidas ni pesticidas qu\u00edmicos.<\/p>\n<p>EL Mundo<\/p>\n","protected":false},"excerpt":{"rendered":"<p>\u00ab100% compostable, 100% certificado org\u00e1nico, y al tratarse de una <a href=\"https:\/\/sertv.gob.pa\/crisolfm\/una-empresa-catalana-presenta-sus-capsulas-de-cafe-totalmente-reciclables\/\"> [&#8230;]<\/a><\/p>\n","protected":false},"author":64,"featured_media":23256,"comment_status":"closed","ping_status":"closed","sticky":false,"template":"","format":"standard","meta":{"footnotes":""},"categories":[7],"tags":[],"class_list":["post-23255","post","type-post","status-publish","format-standard","has-post-thumbnail","hentry","category-ecologicas"],"_links":{"self":[{"href":"https:\/\/sertv.gob.pa\/crisolfm\/wp-json\/wp\/v2\/posts\/23255","targetHints":{"allow":["GET"]}}],"collection":[{"href":"https:\/\/sertv.gob.pa\/crisolfm\/wp-json\/wp\/v2\/posts"}],"about":[{"href":"https:\/\/sertv.gob.pa\/crisolfm\/wp-json\/wp\/v2\/types\/post"}],"author":[{"embeddable":true,"href":"https:\/\/sertv.gob.pa\/crisolfm\/wp-json\/wp\/v2\/users\/64"}],"replies":[{"embeddable":true,"href":"https:\/\/sertv.gob.pa\/crisolfm\/wp-json\/wp\/v2\/comments?post=23255"}],"version-history":[{"count":1,"href":"https:\/\/sertv.gob.pa\/crisolfm\/wp-json\/wp\/v2\/posts\/23255\/revisions"}],"predecessor-version":[{"id":23257,"href":"https:\/\/sertv.gob.pa\/crisolfm\/wp-json\/wp\/v2\/posts\/23255\/revisions\/23257"}],"wp:featuredmedia":[{"embeddable":true,"href":"https:\/\/sertv.gob.pa\/crisolfm\/wp-json\/wp\/v2\/media\/23256"}],"wp:attachment":[{"href":"https:\/\/sertv.gob.pa\/crisolfm\/wp-json\/wp\/v2\/media?parent=23255"}],"wp:term":[{"taxonomy":"category","embeddable":true,"href":"https:\/\/sertv.gob.pa\/crisolfm\/wp-json\/wp\/v2\/categories?post=23255"},{"taxonomy":"post_tag","embeddable":true,"href":"https:\/\/sertv.gob.pa\/crisolfm\/wp-json\/wp\/v2\/tags?post=23255"}],"curies":[{"name":"wp","href":"https:\/\/api.w.org\/{rel}","templated":true}]}}