{"id":23258,"date":"2019-10-16T15:35:41","date_gmt":"2019-10-16T15:35:41","guid":{"rendered":"https:\/\/sertv.gob.pa\/crisolfm\/?p=23258"},"modified":"2019-10-16T15:35:41","modified_gmt":"2019-10-16T15:35:41","slug":"la-calidad-del-aire-en-europa-mejora-aunque-se-cobra-400-000-muertes-prematuras","status":"publish","type":"post","link":"https:\/\/sertv.gob.pa\/crisolfm\/la-calidad-del-aire-en-europa-mejora-aunque-se-cobra-400-000-muertes-prematuras\/","title":{"rendered":"La calidad del aire en Europa mejora, aunque se cobra 400.000 muertes prematuras"},"content":{"rendered":"<p>La mala calidad del aire <strong>caus\u00f3 alrededor de 400.000 muertes prematuras en Europa en 2016<\/strong>, seg\u00fan los \u00faltimos datos anuales publicados por la Agencia Europea del Medio Ambiente. Casi todos los europeos que viven en las ciudades est\u00e1n expuestos a niveles de contaminaci\u00f3n que exceden los niveles saludables, seg\u00fan el informe publicado este mi\u00e9rcoles.<\/p>\n<p>\u00abLa contaminaci\u00f3n del aire es actualmente el riesgo ambiental m\u00e1s importante para la salud humana\u00bb, dice el texto. El autor del informe, el experto en calidad del aire Alberto Gonz\u00e1lez Ortiz, dijo que si bien el nivel de part\u00edculas peligrosas en las ciudades europeas est\u00e1 disminuyendo,<strong> no lo hace lo suficientemente r\u00e1pido<\/strong>.<\/p>\n<p>\u00abTodav\u00eda no hemos alcanzado los est\u00e1ndares de la UE y, por supuesto, estamos<strong> lejos de alcanzar los est\u00e1ndares de la OMS<\/strong> (Organizaci\u00f3n Mundial de la Salud)\u00bb, dijo Ortiz. No obstante, s\u00ed ha habido mejores. La Agencia estima que las part\u00edculas finas han causado aproximadamente 17.000 muertes prematuras menos en la UE en 2016, en comparaci\u00f3n con 2015.<\/p>\n<p>ABC<\/p>\n","protected":false},"excerpt":{"rendered":"<p>La mala calidad del aire caus\u00f3 alrededor de 400.000 muertes <a href=\"https:\/\/sertv.gob.pa\/crisolfm\/la-calidad-del-aire-en-europa-mejora-aunque-se-cobra-400-000-muertes-prematuras\/\"> [&#8230;]<\/a><\/p>\n","protected":false},"author":64,"featured_media":23259,"comment_status":"closed","ping_status":"closed","sticky":false,"template":"","format":"standard","meta":{"footnotes":""},"categories":[7],"tags":[],"class_list":["post-23258","post","type-post","status-publish","format-standard","has-post-thumbnail","hentry","category-ecologicas"],"_links":{"self":[{"href":"https:\/\/sertv.gob.pa\/crisolfm\/wp-json\/wp\/v2\/posts\/23258","targetHints":{"allow":["GET"]}}],"collection":[{"href":"https:\/\/sertv.gob.pa\/crisolfm\/wp-json\/wp\/v2\/posts"}],"about":[{"href":"https:\/\/sertv.gob.pa\/crisolfm\/wp-json\/wp\/v2\/types\/post"}],"author":[{"embeddable":true,"href":"https:\/\/sertv.gob.pa\/crisolfm\/wp-json\/wp\/v2\/users\/64"}],"replies":[{"embeddable":true,"href":"https:\/\/sertv.gob.pa\/crisolfm\/wp-json\/wp\/v2\/comments?post=23258"}],"version-history":[{"count":1,"href":"https:\/\/sertv.gob.pa\/crisolfm\/wp-json\/wp\/v2\/posts\/23258\/revisions"}],"predecessor-version":[{"id":23260,"href":"https:\/\/sertv.gob.pa\/crisolfm\/wp-json\/wp\/v2\/posts\/23258\/revisions\/23260"}],"wp:featuredmedia":[{"embeddable":true,"href":"https:\/\/sertv.gob.pa\/crisolfm\/wp-json\/wp\/v2\/media\/23259"}],"wp:attachment":[{"href":"https:\/\/sertv.gob.pa\/crisolfm\/wp-json\/wp\/v2\/media?parent=23258"}],"wp:term":[{"taxonomy":"category","embeddable":true,"href":"https:\/\/sertv.gob.pa\/crisolfm\/wp-json\/wp\/v2\/categories?post=23258"},{"taxonomy":"post_tag","embeddable":true,"href":"https:\/\/sertv.gob.pa\/crisolfm\/wp-json\/wp\/v2\/tags?post=23258"}],"curies":[{"name":"wp","href":"https:\/\/api.w.org\/{rel}","templated":true}]}}