{"id":23267,"date":"2019-10-17T13:37:56","date_gmt":"2019-10-17T13:37:56","guid":{"rendered":"https:\/\/sertv.gob.pa\/crisolfm\/?p=23267"},"modified":"2019-10-17T13:37:56","modified_gmt":"2019-10-17T13:37:56","slug":"talenpro-en-su-tercera-version-llega-a-su-gran-final","status":"publish","type":"post","link":"https:\/\/sertv.gob.pa\/crisolfm\/talenpro-en-su-tercera-version-llega-a-su-gran-final\/","title":{"rendered":"Talenpro, en su tercera versi\u00f3n, llega a su gran final"},"content":{"rendered":"<p>Todo est\u00e1 listo para la gran final de la tercera generaci\u00f3n de Talenpro, un proyecto de la Fundaci\u00f3n Puertas Abiertas creado y dise\u00f1ado por la cantautora paname\u00f1a, Erika Ender.<\/p>\n<p>La gran final se llevar\u00e1 a cabo este 20 de octubre, desde las 7:00 de la noche, en el Centro de Convenciones Atlapa y ser\u00e1 transmitida por cadena nacional. Los artistas invitados son: \u00a0Paty Cant\u00fa\u00a0y\u00a0Desmond Child. Los presentadores de la gala son: Paty Manterola, Ismael Cala, Natalia Gonz\u00e1lez, Marco Oses y Eddie &#8216;Remix&#8217; Hendricks.<\/p>\n<p>Esta final es el resultado de la puesta en escena del Talento y el Prop\u00f3sito.<\/p>\n<p>&nbsp;<\/p>\n","protected":false},"excerpt":{"rendered":"<p>Todo est\u00e1 listo para la gran final de la tercera <a href=\"https:\/\/sertv.gob.pa\/crisolfm\/talenpro-en-su-tercera-version-llega-a-su-gran-final\/\"> [&#8230;]<\/a><\/p>\n","protected":false},"author":64,"featured_media":23268,"comment_status":"closed","ping_status":"closed","sticky":false,"template":"","format":"standard","meta":{"footnotes":""},"categories":[6],"tags":[],"class_list":["post-23267","post","type-post","status-publish","format-standard","has-post-thumbnail","hentry","category-culturales"],"_links":{"self":[{"href":"https:\/\/sertv.gob.pa\/crisolfm\/wp-json\/wp\/v2\/posts\/23267","targetHints":{"allow":["GET"]}}],"collection":[{"href":"https:\/\/sertv.gob.pa\/crisolfm\/wp-json\/wp\/v2\/posts"}],"about":[{"href":"https:\/\/sertv.gob.pa\/crisolfm\/wp-json\/wp\/v2\/types\/post"}],"author":[{"embeddable":true,"href":"https:\/\/sertv.gob.pa\/crisolfm\/wp-json\/wp\/v2\/users\/64"}],"replies":[{"embeddable":true,"href":"https:\/\/sertv.gob.pa\/crisolfm\/wp-json\/wp\/v2\/comments?post=23267"}],"version-history":[{"count":1,"href":"https:\/\/sertv.gob.pa\/crisolfm\/wp-json\/wp\/v2\/posts\/23267\/revisions"}],"predecessor-version":[{"id":23269,"href":"https:\/\/sertv.gob.pa\/crisolfm\/wp-json\/wp\/v2\/posts\/23267\/revisions\/23269"}],"wp:featuredmedia":[{"embeddable":true,"href":"https:\/\/sertv.gob.pa\/crisolfm\/wp-json\/wp\/v2\/media\/23268"}],"wp:attachment":[{"href":"https:\/\/sertv.gob.pa\/crisolfm\/wp-json\/wp\/v2\/media?parent=23267"}],"wp:term":[{"taxonomy":"category","embeddable":true,"href":"https:\/\/sertv.gob.pa\/crisolfm\/wp-json\/wp\/v2\/categories?post=23267"},{"taxonomy":"post_tag","embeddable":true,"href":"https:\/\/sertv.gob.pa\/crisolfm\/wp-json\/wp\/v2\/tags?post=23267"}],"curies":[{"name":"wp","href":"https:\/\/api.w.org\/{rel}","templated":true}]}}