{"id":23273,"date":"2019-10-17T13:50:55","date_gmt":"2019-10-17T13:50:55","guid":{"rendered":"https:\/\/sertv.gob.pa\/crisolfm\/?p=23273"},"modified":"2019-10-17T13:50:55","modified_gmt":"2019-10-17T13:50:55","slug":"recuperan-en-madrid-mascara-de-oro-prehispanica-expoliada-en-colombia","status":"publish","type":"post","link":"https:\/\/sertv.gob.pa\/crisolfm\/recuperan-en-madrid-mascara-de-oro-prehispanica-expoliada-en-colombia\/","title":{"rendered":"Recuperan en Madrid m\u00e1scara de oro prehisp\u00e1nica expoliada en Colombia"},"content":{"rendered":"<p>La polic\u00eda espa\u00f1ola anunci\u00f3 este jueves haber confiscado en Madrid una m\u00e1scara de oro prehisp\u00e1nica de alto valor cultural, parte de una operaci\u00f3n que desmantel\u00f3 en Colombia una red que vend\u00eda piezas precolombinas expoliadas en el mercado negro internacional.<\/p>\n<p>Recuperada en el aeropuerto de Madrid, la m\u00e1scara de oro de Tumaco, \u00abde gran valor art\u00edstico y cultural\u00bb, iba a ser vendida en Espa\u00f1a por 200.000 euros, indic\u00f3 la Polic\u00eda Nacional en un comunicado.<\/p>\n<p>Las dos personas que la portaban, \u00abquienes presuntamente se estar\u00edan dedicando al expolio de piezas de gran valor art\u00edstico e hist\u00f3rico en Colombia para su posterior introducci\u00f3n en mercados, galer\u00edas y marchantes de Europa\u00bb, fueron arrestadas, destac\u00f3 el texto.<\/p>\n<p>&nbsp;<\/p>\n","protected":false},"excerpt":{"rendered":"<p>La polic\u00eda espa\u00f1ola anunci\u00f3 este jueves haber confiscado en Madrid <a href=\"https:\/\/sertv.gob.pa\/crisolfm\/recuperan-en-madrid-mascara-de-oro-prehispanica-expoliada-en-colombia\/\"> [&#8230;]<\/a><\/p>\n","protected":false},"author":64,"featured_media":23274,"comment_status":"closed","ping_status":"closed","sticky":false,"template":"","format":"standard","meta":{"footnotes":""},"categories":[6],"tags":[],"class_list":["post-23273","post","type-post","status-publish","format-standard","has-post-thumbnail","hentry","category-culturales"],"_links":{"self":[{"href":"https:\/\/sertv.gob.pa\/crisolfm\/wp-json\/wp\/v2\/posts\/23273","targetHints":{"allow":["GET"]}}],"collection":[{"href":"https:\/\/sertv.gob.pa\/crisolfm\/wp-json\/wp\/v2\/posts"}],"about":[{"href":"https:\/\/sertv.gob.pa\/crisolfm\/wp-json\/wp\/v2\/types\/post"}],"author":[{"embeddable":true,"href":"https:\/\/sertv.gob.pa\/crisolfm\/wp-json\/wp\/v2\/users\/64"}],"replies":[{"embeddable":true,"href":"https:\/\/sertv.gob.pa\/crisolfm\/wp-json\/wp\/v2\/comments?post=23273"}],"version-history":[{"count":1,"href":"https:\/\/sertv.gob.pa\/crisolfm\/wp-json\/wp\/v2\/posts\/23273\/revisions"}],"predecessor-version":[{"id":23275,"href":"https:\/\/sertv.gob.pa\/crisolfm\/wp-json\/wp\/v2\/posts\/23273\/revisions\/23275"}],"wp:featuredmedia":[{"embeddable":true,"href":"https:\/\/sertv.gob.pa\/crisolfm\/wp-json\/wp\/v2\/media\/23274"}],"wp:attachment":[{"href":"https:\/\/sertv.gob.pa\/crisolfm\/wp-json\/wp\/v2\/media?parent=23273"}],"wp:term":[{"taxonomy":"category","embeddable":true,"href":"https:\/\/sertv.gob.pa\/crisolfm\/wp-json\/wp\/v2\/categories?post=23273"},{"taxonomy":"post_tag","embeddable":true,"href":"https:\/\/sertv.gob.pa\/crisolfm\/wp-json\/wp\/v2\/tags?post=23273"}],"curies":[{"name":"wp","href":"https:\/\/api.w.org\/{rel}","templated":true}]}}