{"id":23298,"date":"2019-10-17T20:31:48","date_gmt":"2019-10-17T20:31:48","guid":{"rendered":"https:\/\/sertv.gob.pa\/crisolfm\/?p=23298"},"modified":"2019-10-17T20:31:48","modified_gmt":"2019-10-17T20:31:48","slug":"fallece-la-leyenda-cubana-de-la-danza-alicia-alonso-a-los-98-anos","status":"publish","type":"post","link":"https:\/\/sertv.gob.pa\/crisolfm\/fallece-la-leyenda-cubana-de-la-danza-alicia-alonso-a-los-98-anos\/","title":{"rendered":"Fallece la leyenda cubana de la danza Alicia Alonso a los 98 a\u00f1os"},"content":{"rendered":"<p>La legendaria bailarina cubana Alicia Alonso falleci\u00f3 este jueves en La Habana a los 98 a\u00f1os de un fallo card\u00edaco, inform\u00f3 el Ballet Nacional de Cuba.<\/p>\n<p>Alonso, la \u00fanica latinoamericana en ostentar el t\u00edtulo simb\u00f3lico de \u00abprima ballerina assoluta\u00bb (otorgado a los bailarines m\u00e1s excepcionales), falleci\u00f3 a las 11H00 locales (15H00 GMT), dijo a la AFP un portavoz de la compa\u00f1\u00eda que ella fund\u00f3 en 1948 y dirigi\u00f3 hasta su muerte.<\/p>\n<p>Alonso falleci\u00f3 a causa de una \u00abenfermedad cardiovascular\u00bb, inform\u00f3 el noticiero de televisi\u00f3n.<\/p>\n<p>\u00abAlicia Alonso se ha ido y nos deja un enorme vac\u00edo, pero tambi\u00e9n un insuperable legado. Ella situ\u00f3 a Cuba en el altar de lo mejor de la danza mundial. Gracias Alicia por tu obra inmortal\u00bb, tuite\u00f3 el presidente cubano, Miguel D\u00edaz-Canel, quien realiza una visita oficial a M\u00e9xico.<\/p>\n<p>&nbsp;<\/p>\n","protected":false},"excerpt":{"rendered":"<p>La legendaria bailarina cubana Alicia Alonso falleci\u00f3 este jueves en <a href=\"https:\/\/sertv.gob.pa\/crisolfm\/fallece-la-leyenda-cubana-de-la-danza-alicia-alonso-a-los-98-anos\/\"> [&#8230;]<\/a><\/p>\n","protected":false},"author":64,"featured_media":23299,"comment_status":"closed","ping_status":"closed","sticky":false,"template":"","format":"standard","meta":{"footnotes":""},"categories":[6],"tags":[],"class_list":["post-23298","post","type-post","status-publish","format-standard","has-post-thumbnail","hentry","category-culturales"],"_links":{"self":[{"href":"https:\/\/sertv.gob.pa\/crisolfm\/wp-json\/wp\/v2\/posts\/23298","targetHints":{"allow":["GET"]}}],"collection":[{"href":"https:\/\/sertv.gob.pa\/crisolfm\/wp-json\/wp\/v2\/posts"}],"about":[{"href":"https:\/\/sertv.gob.pa\/crisolfm\/wp-json\/wp\/v2\/types\/post"}],"author":[{"embeddable":true,"href":"https:\/\/sertv.gob.pa\/crisolfm\/wp-json\/wp\/v2\/users\/64"}],"replies":[{"embeddable":true,"href":"https:\/\/sertv.gob.pa\/crisolfm\/wp-json\/wp\/v2\/comments?post=23298"}],"version-history":[{"count":1,"href":"https:\/\/sertv.gob.pa\/crisolfm\/wp-json\/wp\/v2\/posts\/23298\/revisions"}],"predecessor-version":[{"id":23300,"href":"https:\/\/sertv.gob.pa\/crisolfm\/wp-json\/wp\/v2\/posts\/23298\/revisions\/23300"}],"wp:featuredmedia":[{"embeddable":true,"href":"https:\/\/sertv.gob.pa\/crisolfm\/wp-json\/wp\/v2\/media\/23299"}],"wp:attachment":[{"href":"https:\/\/sertv.gob.pa\/crisolfm\/wp-json\/wp\/v2\/media?parent=23298"}],"wp:term":[{"taxonomy":"category","embeddable":true,"href":"https:\/\/sertv.gob.pa\/crisolfm\/wp-json\/wp\/v2\/categories?post=23298"},{"taxonomy":"post_tag","embeddable":true,"href":"https:\/\/sertv.gob.pa\/crisolfm\/wp-json\/wp\/v2\/tags?post=23298"}],"curies":[{"name":"wp","href":"https:\/\/api.w.org\/{rel}","templated":true}]}}