{"id":23307,"date":"2019-10-18T13:46:22","date_gmt":"2019-10-18T13:46:22","guid":{"rendered":"https:\/\/sertv.gob.pa\/crisolfm\/?p=23307"},"modified":"2019-10-18T13:46:22","modified_gmt":"2019-10-18T13:46:22","slug":"panama-en-positivo-y-los-premiados-de-la-noche","status":"publish","type":"post","link":"https:\/\/sertv.gob.pa\/crisolfm\/panama-en-positivo-y-los-premiados-de-la-noche\/","title":{"rendered":"&#8216;Panam\u00e1 en Positivo&#8217; y los premiados de la noche"},"content":{"rendered":"<p>Mary Triny Zea, periodista de la Unidad de Investigaci\u00f3n del diario La Prensa, fue galardonada la noche del mi\u00e9rcoles 16 de octubre en la quinta gala de los premios &#8216;Panam\u00e1 Positivo&#8217;. Zea se alz\u00f3 con el premio &#8216;Comunicadora en positivo&#8217;.<\/p>\n<p>La Plataforma Panam\u00e1 en Positivo, que se encarga de promover, rescatar y resaltar las acciones positivas que acontecen en el pa\u00eds, a trav\u00e9s de su programa radial, premios, RSE y fundaci\u00f3n, es la organizadora de la actividad.<\/p>\n<p>En la velada, en la que estuvieron personalidades del pa\u00eds, as\u00ed como el vicepresidente de la Rep\u00fablica, Jos\u00e9 Gabriel Carrizo, y ministros de Estados, igualmente fueron premiadas organizaciones y figuras sobresalientes.<\/p>\n<p>Por ejemplo, el publicista Pedro Altamiranda recibi\u00f3 el reconocimiento \u00abPanam\u00e1 en Positivo a la trayectoria\u00bb. Como artista, recibi\u00f3 el premio Yael Danon.\u00a0 Organizaciones como Canal de Empresarias y Marea Verde tambi\u00e9n fueron premiadas. Y Estados Unidos fue elegido como &#8216;Pa\u00eds amigo 2019&#8217;.\u00a0 En total fueron 13 categor\u00edas premiadas. Y nueve jurados participaron en esta elecci\u00f3n: el juez n\u00famero 9 fue el p\u00fablico, que vot\u00f3 a trav\u00e9s de Internet (fueron emitidos m\u00e1s de 300 mil votos).<\/p>\n<p>&nbsp;<\/p>\n<p>&nbsp;<\/p>\n<p>&nbsp;<\/p>\n","protected":false},"excerpt":{"rendered":"<p>Mary Triny Zea, periodista de la Unidad de Investigaci\u00f3n del <a href=\"https:\/\/sertv.gob.pa\/crisolfm\/panama-en-positivo-y-los-premiados-de-la-noche\/\"> [&#8230;]<\/a><\/p>\n","protected":false},"author":64,"featured_media":23308,"comment_status":"closed","ping_status":"closed","sticky":false,"template":"","format":"standard","meta":{"footnotes":""},"categories":[6],"tags":[],"class_list":["post-23307","post","type-post","status-publish","format-standard","has-post-thumbnail","hentry","category-culturales"],"_links":{"self":[{"href":"https:\/\/sertv.gob.pa\/crisolfm\/wp-json\/wp\/v2\/posts\/23307","targetHints":{"allow":["GET"]}}],"collection":[{"href":"https:\/\/sertv.gob.pa\/crisolfm\/wp-json\/wp\/v2\/posts"}],"about":[{"href":"https:\/\/sertv.gob.pa\/crisolfm\/wp-json\/wp\/v2\/types\/post"}],"author":[{"embeddable":true,"href":"https:\/\/sertv.gob.pa\/crisolfm\/wp-json\/wp\/v2\/users\/64"}],"replies":[{"embeddable":true,"href":"https:\/\/sertv.gob.pa\/crisolfm\/wp-json\/wp\/v2\/comments?post=23307"}],"version-history":[{"count":1,"href":"https:\/\/sertv.gob.pa\/crisolfm\/wp-json\/wp\/v2\/posts\/23307\/revisions"}],"predecessor-version":[{"id":23309,"href":"https:\/\/sertv.gob.pa\/crisolfm\/wp-json\/wp\/v2\/posts\/23307\/revisions\/23309"}],"wp:featuredmedia":[{"embeddable":true,"href":"https:\/\/sertv.gob.pa\/crisolfm\/wp-json\/wp\/v2\/media\/23308"}],"wp:attachment":[{"href":"https:\/\/sertv.gob.pa\/crisolfm\/wp-json\/wp\/v2\/media?parent=23307"}],"wp:term":[{"taxonomy":"category","embeddable":true,"href":"https:\/\/sertv.gob.pa\/crisolfm\/wp-json\/wp\/v2\/categories?post=23307"},{"taxonomy":"post_tag","embeddable":true,"href":"https:\/\/sertv.gob.pa\/crisolfm\/wp-json\/wp\/v2\/tags?post=23307"}],"curies":[{"name":"wp","href":"https:\/\/api.w.org\/{rel}","templated":true}]}}