{"id":23320,"date":"2019-10-18T14:25:52","date_gmt":"2019-10-18T14:25:52","guid":{"rendered":"https:\/\/sertv.gob.pa\/crisolfm\/?p=23320"},"modified":"2019-10-18T14:25:52","modified_gmt":"2019-10-18T14:25:52","slug":"arte-clasico-y-ambiente-protagonistas-en-la-pasarela-panamena","status":"publish","type":"post","link":"https:\/\/sertv.gob.pa\/crisolfm\/arte-clasico-y-ambiente-protagonistas-en-la-pasarela-panamena\/","title":{"rendered":"Arte cl\u00e1sico y ambiente; protagonistas en la pasarela paname\u00f1a"},"content":{"rendered":"<p>El pintor barroco espa\u00f1ol, Diego de Vel\u00e1zquez, y los llamados a salvar el planeta fueron protagonistas este jueves en la pasarela durante la muestra de la dise\u00f1adora madrile\u00f1a, Pilar S\u00e1inz, durante la primera jornada de Fashion Week Panam\u00e1. S\u00e1inz escogi\u00f3 Centroam\u00e9rica para presentar por primera vez su colecci\u00f3n oto\u00f1o invierno \u00abVel\u00e1zquez 27\u00bb, inspirada en el pintor cl\u00e1sico espa\u00f1ol Vel\u00e1zquez, uno de los referentes hist\u00f3ricos de las artes espa\u00f1olas.<\/p>\n<p>\u00abEs una colecci\u00f3n barroca inspirada en el siglo XVII, que es la \u00e9poca de esplendor de Vel\u00e1zquez\u00bb, dijo S\u00e1inz a la AFP. \u00abMe he inspirado en Las Meninas y en Las Hilanderas\u00bb, a\u00f1adi\u00f3 S\u00e1inz en referencia a dos de las obras m\u00e1s reconocidas del pintor espa\u00f1ol (1599).<\/p>\n<p>En esta nueva colecci\u00f3n predominan peinetas modernizadas, elaboradas en rafia vegetal, detalles de \u00e9poca en faldas anchas y largas hasta los pies, adem\u00e1s de tocados, elaborados artesanalmente, que recuerdan a la mantilla de tradici\u00f3n espa\u00f1ola. El vestuario est\u00e1 dominado adem\u00e1s por los grises, marrones, visones y el color perla, adem\u00e1s de la cl\u00e1sica combinaci\u00f3n entre blanco y negro.<\/p>\n<p>S\u00e1inz tambi\u00e9n aprovech\u00f3 la muestra para lanzar mensajes en favor de la protecci\u00f3n al medio ambiente y de la producci\u00f3n \u00abresponsable\u00bb.<\/p>\n<p>AFP<\/p>\n","protected":false},"excerpt":{"rendered":"<p>El pintor barroco espa\u00f1ol, Diego de Vel\u00e1zquez, y los llamados <a href=\"https:\/\/sertv.gob.pa\/crisolfm\/arte-clasico-y-ambiente-protagonistas-en-la-pasarela-panamena\/\"> [&#8230;]<\/a><\/p>\n","protected":false},"author":64,"featured_media":23321,"comment_status":"closed","ping_status":"closed","sticky":false,"template":"","format":"standard","meta":{"footnotes":""},"categories":[6],"tags":[],"class_list":["post-23320","post","type-post","status-publish","format-standard","has-post-thumbnail","hentry","category-culturales"],"_links":{"self":[{"href":"https:\/\/sertv.gob.pa\/crisolfm\/wp-json\/wp\/v2\/posts\/23320","targetHints":{"allow":["GET"]}}],"collection":[{"href":"https:\/\/sertv.gob.pa\/crisolfm\/wp-json\/wp\/v2\/posts"}],"about":[{"href":"https:\/\/sertv.gob.pa\/crisolfm\/wp-json\/wp\/v2\/types\/post"}],"author":[{"embeddable":true,"href":"https:\/\/sertv.gob.pa\/crisolfm\/wp-json\/wp\/v2\/users\/64"}],"replies":[{"embeddable":true,"href":"https:\/\/sertv.gob.pa\/crisolfm\/wp-json\/wp\/v2\/comments?post=23320"}],"version-history":[{"count":1,"href":"https:\/\/sertv.gob.pa\/crisolfm\/wp-json\/wp\/v2\/posts\/23320\/revisions"}],"predecessor-version":[{"id":23322,"href":"https:\/\/sertv.gob.pa\/crisolfm\/wp-json\/wp\/v2\/posts\/23320\/revisions\/23322"}],"wp:featuredmedia":[{"embeddable":true,"href":"https:\/\/sertv.gob.pa\/crisolfm\/wp-json\/wp\/v2\/media\/23321"}],"wp:attachment":[{"href":"https:\/\/sertv.gob.pa\/crisolfm\/wp-json\/wp\/v2\/media?parent=23320"}],"wp:term":[{"taxonomy":"category","embeddable":true,"href":"https:\/\/sertv.gob.pa\/crisolfm\/wp-json\/wp\/v2\/categories?post=23320"},{"taxonomy":"post_tag","embeddable":true,"href":"https:\/\/sertv.gob.pa\/crisolfm\/wp-json\/wp\/v2\/tags?post=23320"}],"curies":[{"name":"wp","href":"https:\/\/api.w.org\/{rel}","templated":true}]}}