{"id":23328,"date":"2019-10-18T15:15:41","date_gmt":"2019-10-18T15:15:41","guid":{"rendered":"https:\/\/sertv.gob.pa\/crisolfm\/?p=23328"},"modified":"2019-10-18T15:15:41","modified_gmt":"2019-10-18T15:15:41","slug":"el-mein-kampf-sera-reeditado-en-francia-por-primera-vez-desde-1934","status":"publish","type":"post","link":"https:\/\/sertv.gob.pa\/crisolfm\/el-mein-kampf-sera-reeditado-en-francia-por-primera-vez-desde-1934\/","title":{"rendered":"El \u00abMein Kampf\u00bb ser\u00e1 reeditado en Francia por primera vez desde 1934"},"content":{"rendered":"<p>De<a href=\"https:\/\/www.abc.es\/cultura\/libros\/abci-francia-y-alemania-publicaran-lucha-2016-prescribir-derechos-autor-hitler-201510280129_noticia.html\" target=\"_blank\" rel=\"noopener\">sde 2016<\/a>, los derechos de <strong>Mein Kampf <\/strong>han pasado al dominio p\u00fablico. Por primera vez desde 1934, el manuscrito de Adolf Hitler ser\u00e1 reeditado en Francia, seg\u00fan informa \u00abLe Journal du dimanche\u00bb.<\/p>\n<p>El libro deber\u00eda publicarse en 2020, por <strong>la editorial Fayard<\/strong>, e ir\u00e1 acompa\u00f1ado de<strong> una edici\u00f3n cr\u00edtica de 1.000 p\u00e1ginas <\/strong>adem\u00e1s de una nueva traducci\u00f3n, seg\u00fan informa \u00abLe Point\u00bb.<\/p>\n<p>La reedici\u00f3n de <strong>\u00abMi lucha\u00bb<\/strong> estuvo prohibida en muchos pa\u00edses desde 1945, cuando el Lander de Baviera se convirti\u00f3 de oficio administrativo en \u00abheredero\u00bb de los derechos de autor de Hitler. Y no ha sido hasta 2016 cuando cualquier editor podr\u00e1 volver a publicar \u00abMi lucha\u00bb sin pagar derechos de autor. Ahora vuelve a Francia.<\/p>\n<p>Recordemos lo que dijo <strong>Jean-Luc M\u00e9lenchon<\/strong>, l\u00edder franc\u00e9s de izquierdas en el momento de esta liberaci\u00f3n para ser publicado: \u00abEse libro es la obra principal de uno de los grandes criminales de la historia. Esa obra es el fundamento te\u00f3rico de la muerte de seis millones de seres humanos gaseados en los campos de exterminio nazis. Reeditar ese libro es algo nauseabundo\u00bb.<\/p>\n<p>ABC Cultura<\/p>\n","protected":false},"excerpt":{"rendered":"<p>Desde 2016, los derechos de Mein Kampf han pasado al <a href=\"https:\/\/sertv.gob.pa\/crisolfm\/el-mein-kampf-sera-reeditado-en-francia-por-primera-vez-desde-1934\/\"> [&#8230;]<\/a><\/p>\n","protected":false},"author":64,"featured_media":23329,"comment_status":"closed","ping_status":"closed","sticky":false,"template":"","format":"standard","meta":{"footnotes":""},"categories":[6],"tags":[],"class_list":["post-23328","post","type-post","status-publish","format-standard","has-post-thumbnail","hentry","category-culturales"],"_links":{"self":[{"href":"https:\/\/sertv.gob.pa\/crisolfm\/wp-json\/wp\/v2\/posts\/23328","targetHints":{"allow":["GET"]}}],"collection":[{"href":"https:\/\/sertv.gob.pa\/crisolfm\/wp-json\/wp\/v2\/posts"}],"about":[{"href":"https:\/\/sertv.gob.pa\/crisolfm\/wp-json\/wp\/v2\/types\/post"}],"author":[{"embeddable":true,"href":"https:\/\/sertv.gob.pa\/crisolfm\/wp-json\/wp\/v2\/users\/64"}],"replies":[{"embeddable":true,"href":"https:\/\/sertv.gob.pa\/crisolfm\/wp-json\/wp\/v2\/comments?post=23328"}],"version-history":[{"count":1,"href":"https:\/\/sertv.gob.pa\/crisolfm\/wp-json\/wp\/v2\/posts\/23328\/revisions"}],"predecessor-version":[{"id":23330,"href":"https:\/\/sertv.gob.pa\/crisolfm\/wp-json\/wp\/v2\/posts\/23328\/revisions\/23330"}],"wp:featuredmedia":[{"embeddable":true,"href":"https:\/\/sertv.gob.pa\/crisolfm\/wp-json\/wp\/v2\/media\/23329"}],"wp:attachment":[{"href":"https:\/\/sertv.gob.pa\/crisolfm\/wp-json\/wp\/v2\/media?parent=23328"}],"wp:term":[{"taxonomy":"category","embeddable":true,"href":"https:\/\/sertv.gob.pa\/crisolfm\/wp-json\/wp\/v2\/categories?post=23328"},{"taxonomy":"post_tag","embeddable":true,"href":"https:\/\/sertv.gob.pa\/crisolfm\/wp-json\/wp\/v2\/tags?post=23328"}],"curies":[{"name":"wp","href":"https:\/\/api.w.org\/{rel}","templated":true}]}}