{"id":23341,"date":"2019-10-18T16:45:00","date_gmt":"2019-10-18T16:45:00","guid":{"rendered":"https:\/\/sertv.gob.pa\/crisolfm\/?p=23341"},"modified":"2019-10-18T16:45:00","modified_gmt":"2019-10-18T16:45:00","slug":"hoy-comienza-la-xxvi-feria-internacional-de-artesanias","status":"publish","type":"post","link":"https:\/\/sertv.gob.pa\/crisolfm\/hoy-comienza-la-xxvi-feria-internacional-de-artesanias\/","title":{"rendered":"Hoy comienza la XXVI Feria Internacional de Artesan\u00edas"},"content":{"rendered":"<p>Hoy se abrir\u00e1n las puertas para la XXVI Feria Internacional de Manualidades y Artesan\u00edas, conocida como Expo Manualidades, que ser\u00e1 como siempre muy did\u00e1ctica, ya que habr\u00e1 talleres y demostraciones de manualidades para adultos y ni\u00f1os. Podr\u00e1s hallar artesan\u00edas y manualidades, fabricantes y distribuidores de materiales, bailes folkl\u00f3ricos y espect\u00e1culos, arte, belleza y moda de la mujer, gastronom\u00eda: venta y demostraciones de comida internacional y reposter\u00eda.<\/p>\n<p>El 18, 19 y 20 de octubre en el sal\u00f3n Las Totumas en el Centro de Convenciones Atlapa. Desde las 12:00 m. d a 8:00 p. m.<\/p>\n<p>&nbsp;<\/p>\n","protected":false},"excerpt":{"rendered":"<p>Hoy se abrir\u00e1n las puertas para la XXVI Feria Internacional <a href=\"https:\/\/sertv.gob.pa\/crisolfm\/hoy-comienza-la-xxvi-feria-internacional-de-artesanias\/\"> [&#8230;]<\/a><\/p>\n","protected":false},"author":64,"featured_media":23342,"comment_status":"closed","ping_status":"closed","sticky":false,"template":"","format":"standard","meta":{"footnotes":""},"categories":[6],"tags":[],"class_list":["post-23341","post","type-post","status-publish","format-standard","has-post-thumbnail","hentry","category-culturales"],"_links":{"self":[{"href":"https:\/\/sertv.gob.pa\/crisolfm\/wp-json\/wp\/v2\/posts\/23341","targetHints":{"allow":["GET"]}}],"collection":[{"href":"https:\/\/sertv.gob.pa\/crisolfm\/wp-json\/wp\/v2\/posts"}],"about":[{"href":"https:\/\/sertv.gob.pa\/crisolfm\/wp-json\/wp\/v2\/types\/post"}],"author":[{"embeddable":true,"href":"https:\/\/sertv.gob.pa\/crisolfm\/wp-json\/wp\/v2\/users\/64"}],"replies":[{"embeddable":true,"href":"https:\/\/sertv.gob.pa\/crisolfm\/wp-json\/wp\/v2\/comments?post=23341"}],"version-history":[{"count":1,"href":"https:\/\/sertv.gob.pa\/crisolfm\/wp-json\/wp\/v2\/posts\/23341\/revisions"}],"predecessor-version":[{"id":23343,"href":"https:\/\/sertv.gob.pa\/crisolfm\/wp-json\/wp\/v2\/posts\/23341\/revisions\/23343"}],"wp:featuredmedia":[{"embeddable":true,"href":"https:\/\/sertv.gob.pa\/crisolfm\/wp-json\/wp\/v2\/media\/23342"}],"wp:attachment":[{"href":"https:\/\/sertv.gob.pa\/crisolfm\/wp-json\/wp\/v2\/media?parent=23341"}],"wp:term":[{"taxonomy":"category","embeddable":true,"href":"https:\/\/sertv.gob.pa\/crisolfm\/wp-json\/wp\/v2\/categories?post=23341"},{"taxonomy":"post_tag","embeddable":true,"href":"https:\/\/sertv.gob.pa\/crisolfm\/wp-json\/wp\/v2\/tags?post=23341"}],"curies":[{"name":"wp","href":"https:\/\/api.w.org\/{rel}","templated":true}]}}