{"id":23366,"date":"2019-10-21T16:44:37","date_gmt":"2019-10-21T16:44:37","guid":{"rendered":"https:\/\/sertv.gob.pa\/crisolfm\/?p=23366"},"modified":"2019-10-21T16:44:37","modified_gmt":"2019-10-21T16:44:37","slug":"los-diarios-australianos-sacan-portadas-tachadas-en-protesta-contra-la-censura","status":"publish","type":"post","link":"https:\/\/sertv.gob.pa\/crisolfm\/los-diarios-australianos-sacan-portadas-tachadas-en-protesta-contra-la-censura\/","title":{"rendered":"Los diarios australianos sacan portadas tachadas en protesta contra la censura"},"content":{"rendered":"<p>Las portadas de los peri\u00f3dicos australianos salieron tachadas este lunes por la ma\u00f1ana en se\u00f1al de protesta contra el retroceso de la libertad de expresi\u00f3n y el secretismo del gobierno.<\/p>\n<p>Los diarios nacionales y regionales, entre ellos algunos muy conocidos como The Australian, The Sydney Morning Herald y Australian Financial Review, ten\u00edan las portadas cubiertas de tinta negra. Las televisiones tambi\u00e9n difundieron anuncios instando a los telespectadores a reflexionar sobre la pregunta: \u00abCuando el gobierno os oculta la verdad \u00bfqu\u00e9 os oculta?\u00bb.<\/p>\n<p>Esta campa\u00f1a por el derecho a la informaci\u00f3n se produce despu\u00e9s de los registros de la polic\u00eda federal hace unos meses en la cadena nacional ABC y el domicilio de una periodista de News Corp, que hab\u00edan publicado dos informaciones que resultaron embarazosas para el gobierno. Los medios de comunicaci\u00f3n australianos piden que los periodistas no est\u00e9n sometidos a la estricta legislaci\u00f3n en materia de seguridad nacional porque estiman que complica su trabajo.<\/p>\n<p>\u00abLa\u00a0<strong>cultura<\/strong>\u00a0del secreto que se deriva de estas disposiciones legales restringe el derecho de todo australiano a estar informado y va mucho m\u00e1s all\u00e1 de la intenci\u00f3n original de la seguridad nacional\u00bb, afirma Paul Murphy, jefe del sindicato 321| Media Entertainment and Arts Alliance.<\/p>\n<p>&nbsp;<\/p>\n<p>AFP<\/p>\n","protected":false},"excerpt":{"rendered":"<p>Las portadas de los peri\u00f3dicos australianos salieron tachadas este lunes <a href=\"https:\/\/sertv.gob.pa\/crisolfm\/los-diarios-australianos-sacan-portadas-tachadas-en-protesta-contra-la-censura\/\"> [&#8230;]<\/a><\/p>\n","protected":false},"author":64,"featured_media":23367,"comment_status":"closed","ping_status":"closed","sticky":false,"template":"","format":"standard","meta":{"footnotes":""},"categories":[6],"tags":[],"class_list":["post-23366","post","type-post","status-publish","format-standard","has-post-thumbnail","hentry","category-culturales"],"_links":{"self":[{"href":"https:\/\/sertv.gob.pa\/crisolfm\/wp-json\/wp\/v2\/posts\/23366","targetHints":{"allow":["GET"]}}],"collection":[{"href":"https:\/\/sertv.gob.pa\/crisolfm\/wp-json\/wp\/v2\/posts"}],"about":[{"href":"https:\/\/sertv.gob.pa\/crisolfm\/wp-json\/wp\/v2\/types\/post"}],"author":[{"embeddable":true,"href":"https:\/\/sertv.gob.pa\/crisolfm\/wp-json\/wp\/v2\/users\/64"}],"replies":[{"embeddable":true,"href":"https:\/\/sertv.gob.pa\/crisolfm\/wp-json\/wp\/v2\/comments?post=23366"}],"version-history":[{"count":1,"href":"https:\/\/sertv.gob.pa\/crisolfm\/wp-json\/wp\/v2\/posts\/23366\/revisions"}],"predecessor-version":[{"id":23368,"href":"https:\/\/sertv.gob.pa\/crisolfm\/wp-json\/wp\/v2\/posts\/23366\/revisions\/23368"}],"wp:featuredmedia":[{"embeddable":true,"href":"https:\/\/sertv.gob.pa\/crisolfm\/wp-json\/wp\/v2\/media\/23367"}],"wp:attachment":[{"href":"https:\/\/sertv.gob.pa\/crisolfm\/wp-json\/wp\/v2\/media?parent=23366"}],"wp:term":[{"taxonomy":"category","embeddable":true,"href":"https:\/\/sertv.gob.pa\/crisolfm\/wp-json\/wp\/v2\/categories?post=23366"},{"taxonomy":"post_tag","embeddable":true,"href":"https:\/\/sertv.gob.pa\/crisolfm\/wp-json\/wp\/v2\/tags?post=23366"}],"curies":[{"name":"wp","href":"https:\/\/api.w.org\/{rel}","templated":true}]}}