{"id":23375,"date":"2019-10-21T17:14:45","date_gmt":"2019-10-21T17:14:45","guid":{"rendered":"https:\/\/sertv.gob.pa\/crisolfm\/?p=23375"},"modified":"2019-10-21T17:14:45","modified_gmt":"2019-10-21T17:14:45","slug":"tecma-feria-internacional-del-urbanismo-y-del-medio-ambiente-del-10-al-12-de-junio-de-2020","status":"publish","type":"post","link":"https:\/\/sertv.gob.pa\/crisolfm\/tecma-feria-internacional-del-urbanismo-y-del-medio-ambiente-del-10-al-12-de-junio-de-2020\/","title":{"rendered":"Tecma: \u2018Feria Internacional del Urbanismo y del Medio Ambiente\u2019 del 10 al 12 de Junio de 2020"},"content":{"rendered":"<p>La<strong> Feria Internacional del Urbanismo y del Medio Ambiente TECMA<\/strong>, acoger\u00e1 un programa que d\u00e9 respuestas tangibles a los temas principales que m\u00e1s preocupan a los gestores de las ciudades, procurando que esta convocatoria no solo sea un espacio expositivo para las principales empresas del sector, sino tambi\u00e9n un lugar donde intercambiar buenas pr\u00e1cticas, conocimientos y experiencias reales en el d\u00eda a d\u00eda de los responsables de nuestras ciudades.<\/p>\n<p>No ser\u00e1 la \u00fanica motivaci\u00f3n que encuentren quienes se den cita en TECMA: adem\u00e1s de todo eso podr\u00e1n participar en encuentros con expertos en temas relevantes para su negocio, estrechar relaciones con proveedores actuales y conocer nuevos proveedores o participar en encuentros de negocio distendidos y l\u00fadicos.<\/p>\n<p>Ser\u00e1n las\u00a0administraciones centrales, auton\u00f3micas y locales, empresas de consultor\u00eda y laboratorios\u00a0y centros de investigaci\u00f3n,\u00a0industrias grandes, peque\u00f1as y medianas\u00a0o instalaciones deportivas y de ocio, entre otras, las que acudir\u00e1n a una feria en la que podr\u00e1n encontrar las<strong>\u00a0\u00faltimas novedades\u00a0en hidrolimpiadoras<\/strong>, m\u00e1quinas de limpieza a vapor, depuradoras, productos de limpieza industrial, desinfectantes, materiales biodegradables e, incluso, ropa profesional y laboral. Razones para la visita:\u00a0 Obtener una visi\u00f3n detallada del mercado. Conocer <strong>tendencias e innovaciones. <\/strong>Participar en encuentros con expertos en temas relevantes para su negocio. Estrechar relaciones con proveedores actuales y conocer nuevos proveedores. Participar en encuentros de negocio distendidos y l\u00fadicos. Formar parte de una convocatoria que atraer\u00e1 la atenci\u00f3n de los medios de comunicaci\u00f3n y de sus potenciales clientes. Disfrutar de Madrid y sus m\u00faltiples propuestas.<\/p>\n<p>ECOticias<\/p>\n","protected":false},"excerpt":{"rendered":"<p>La Feria Internacional del Urbanismo y del Medio Ambiente TECMA, <a href=\"https:\/\/sertv.gob.pa\/crisolfm\/tecma-feria-internacional-del-urbanismo-y-del-medio-ambiente-del-10-al-12-de-junio-de-2020\/\"> [&#8230;]<\/a><\/p>\n","protected":false},"author":64,"featured_media":23376,"comment_status":"closed","ping_status":"closed","sticky":false,"template":"","format":"standard","meta":{"footnotes":""},"categories":[7],"tags":[],"class_list":["post-23375","post","type-post","status-publish","format-standard","has-post-thumbnail","hentry","category-ecologicas"],"_links":{"self":[{"href":"https:\/\/sertv.gob.pa\/crisolfm\/wp-json\/wp\/v2\/posts\/23375","targetHints":{"allow":["GET"]}}],"collection":[{"href":"https:\/\/sertv.gob.pa\/crisolfm\/wp-json\/wp\/v2\/posts"}],"about":[{"href":"https:\/\/sertv.gob.pa\/crisolfm\/wp-json\/wp\/v2\/types\/post"}],"author":[{"embeddable":true,"href":"https:\/\/sertv.gob.pa\/crisolfm\/wp-json\/wp\/v2\/users\/64"}],"replies":[{"embeddable":true,"href":"https:\/\/sertv.gob.pa\/crisolfm\/wp-json\/wp\/v2\/comments?post=23375"}],"version-history":[{"count":1,"href":"https:\/\/sertv.gob.pa\/crisolfm\/wp-json\/wp\/v2\/posts\/23375\/revisions"}],"predecessor-version":[{"id":23377,"href":"https:\/\/sertv.gob.pa\/crisolfm\/wp-json\/wp\/v2\/posts\/23375\/revisions\/23377"}],"wp:featuredmedia":[{"embeddable":true,"href":"https:\/\/sertv.gob.pa\/crisolfm\/wp-json\/wp\/v2\/media\/23376"}],"wp:attachment":[{"href":"https:\/\/sertv.gob.pa\/crisolfm\/wp-json\/wp\/v2\/media?parent=23375"}],"wp:term":[{"taxonomy":"category","embeddable":true,"href":"https:\/\/sertv.gob.pa\/crisolfm\/wp-json\/wp\/v2\/categories?post=23375"},{"taxonomy":"post_tag","embeddable":true,"href":"https:\/\/sertv.gob.pa\/crisolfm\/wp-json\/wp\/v2\/tags?post=23375"}],"curies":[{"name":"wp","href":"https:\/\/api.w.org\/{rel}","templated":true}]}}