{"id":23407,"date":"2019-10-22T14:25:41","date_gmt":"2019-10-22T14:25:41","guid":{"rendered":"https:\/\/sertv.gob.pa\/crisolfm\/?p=23407"},"modified":"2019-10-22T14:25:41","modified_gmt":"2019-10-22T14:25:41","slug":"arquitecto-frances-jean-nouvel-denuncia-a-la-filarmonica-de-paris","status":"publish","type":"post","link":"https:\/\/sertv.gob.pa\/crisolfm\/arquitecto-frances-jean-nouvel-denuncia-a-la-filarmonica-de-paris\/","title":{"rendered":"Arquitecto franc\u00e9s Jean Nouvel denuncia a la Filarm\u00f3nica de Par\u00eds"},"content":{"rendered":"<p>El arquitecto franc\u00e9s Jean Nouvel present\u00f3 una denuncia contra la Filarm\u00f3nica de Par\u00eds, que le reclama 170 millones de euros por los sobrecostes de las obras de la prestigiosa sala de conciertos del norte de la capital, informaron sus abogados este lunes.<\/p>\n<p>El coste de la construcci\u00f3n de la sala de conciertos, inaugurada hace cinco a\u00f1os, pas\u00f3 de 173 millones de euros cuando se lanz\u00f3 el proyecto, en 2006, a 386 millones de euros cuando se inaugur\u00f3, en 2015.<\/p>\n<p>Ateliers Jean Nouvel, su despacho de arquitectos, atribuye el aumento a la mala gesti\u00f3n de la propia Filarm\u00f3nica. Sin embargo, la instituci\u00f3n culpa al arquitecto, al que acusa de haber infravalorado los costes y de haber ordenado \u00abreformas permanentes\u00bb.<\/p>\n<p>AFP<\/p>\n","protected":false},"excerpt":{"rendered":"<p>El arquitecto franc\u00e9s Jean Nouvel present\u00f3 una denuncia contra la <a href=\"https:\/\/sertv.gob.pa\/crisolfm\/arquitecto-frances-jean-nouvel-denuncia-a-la-filarmonica-de-paris\/\"> [&#8230;]<\/a><\/p>\n","protected":false},"author":64,"featured_media":23408,"comment_status":"closed","ping_status":"closed","sticky":false,"template":"","format":"standard","meta":{"footnotes":""},"categories":[6],"tags":[],"class_list":["post-23407","post","type-post","status-publish","format-standard","has-post-thumbnail","hentry","category-culturales"],"_links":{"self":[{"href":"https:\/\/sertv.gob.pa\/crisolfm\/wp-json\/wp\/v2\/posts\/23407","targetHints":{"allow":["GET"]}}],"collection":[{"href":"https:\/\/sertv.gob.pa\/crisolfm\/wp-json\/wp\/v2\/posts"}],"about":[{"href":"https:\/\/sertv.gob.pa\/crisolfm\/wp-json\/wp\/v2\/types\/post"}],"author":[{"embeddable":true,"href":"https:\/\/sertv.gob.pa\/crisolfm\/wp-json\/wp\/v2\/users\/64"}],"replies":[{"embeddable":true,"href":"https:\/\/sertv.gob.pa\/crisolfm\/wp-json\/wp\/v2\/comments?post=23407"}],"version-history":[{"count":1,"href":"https:\/\/sertv.gob.pa\/crisolfm\/wp-json\/wp\/v2\/posts\/23407\/revisions"}],"predecessor-version":[{"id":23409,"href":"https:\/\/sertv.gob.pa\/crisolfm\/wp-json\/wp\/v2\/posts\/23407\/revisions\/23409"}],"wp:featuredmedia":[{"embeddable":true,"href":"https:\/\/sertv.gob.pa\/crisolfm\/wp-json\/wp\/v2\/media\/23408"}],"wp:attachment":[{"href":"https:\/\/sertv.gob.pa\/crisolfm\/wp-json\/wp\/v2\/media?parent=23407"}],"wp:term":[{"taxonomy":"category","embeddable":true,"href":"https:\/\/sertv.gob.pa\/crisolfm\/wp-json\/wp\/v2\/categories?post=23407"},{"taxonomy":"post_tag","embeddable":true,"href":"https:\/\/sertv.gob.pa\/crisolfm\/wp-json\/wp\/v2\/tags?post=23407"}],"curies":[{"name":"wp","href":"https:\/\/api.w.org\/{rel}","templated":true}]}}