{"id":23410,"date":"2019-10-22T14:32:05","date_gmt":"2019-10-22T14:32:05","guid":{"rendered":"https:\/\/sertv.gob.pa\/crisolfm\/?p=23410"},"modified":"2019-10-22T14:32:05","modified_gmt":"2019-10-22T14:32:05","slug":"malefica-desplaza-a-guason-en-la-taquilla-de-eeuu","status":"publish","type":"post","link":"https:\/\/sertv.gob.pa\/crisolfm\/malefica-desplaza-a-guason-en-la-taquilla-de-eeuu\/","title":{"rendered":"\u00abMal\u00e9fica\u00bb desplaza a \u00abGuas\u00f3n\u00bb en la taquilla de EEUU"},"content":{"rendered":"<p>\u00abMal\u00e9fica: Due\u00f1a del mal\u00bb hechiz\u00f3 la taquilla de Estados Unidos y Canad\u00e1 en su fin de semana de estreno y super\u00f3 a la aclamada \u00abGuas\u00f3n\u00bb.<\/p>\n<p>La secuela de Disney recaud\u00f3 36,9 millones de d\u00f3lares entre viernes y domingo, seg\u00fan cifras consolidadas que la firma especializada Exhibitor Relations difunde cada lunes.<\/p>\n<p>El monto es casi la mitad de la taquilla de \u00abMal\u00e9fica\u00bb, la versi\u00f3n original del filme, estrenada en 2014 y tambi\u00e9n protagonizada por Angelina Jolie, que obtuvo 69,4 millones en su primer fin de semana, y luego gan\u00f3 758 millones a nivel mundial.<\/p>\n<p>Ambas pel\u00edculas ponen en escena a la malvada hechicera de \u00abLa bella durmiente\u00bb. En la actual, otro de los papeles principales es interpretado por Michelle Pfeiffer.<\/p>\n<p>\u00abGuas\u00f3n\u00bb qued\u00f3 segunda con 29,2 millones en su tercera semana en salas.<\/p>\n<p>AFP<\/p>\n","protected":false},"excerpt":{"rendered":"<p>\u00abMal\u00e9fica: Due\u00f1a del mal\u00bb hechiz\u00f3 la taquilla de Estados Unidos <a href=\"https:\/\/sertv.gob.pa\/crisolfm\/malefica-desplaza-a-guason-en-la-taquilla-de-eeuu\/\"> [&#8230;]<\/a><\/p>\n","protected":false},"author":64,"featured_media":23411,"comment_status":"closed","ping_status":"closed","sticky":false,"template":"","format":"standard","meta":{"footnotes":""},"categories":[6],"tags":[],"class_list":["post-23410","post","type-post","status-publish","format-standard","has-post-thumbnail","hentry","category-culturales"],"_links":{"self":[{"href":"https:\/\/sertv.gob.pa\/crisolfm\/wp-json\/wp\/v2\/posts\/23410","targetHints":{"allow":["GET"]}}],"collection":[{"href":"https:\/\/sertv.gob.pa\/crisolfm\/wp-json\/wp\/v2\/posts"}],"about":[{"href":"https:\/\/sertv.gob.pa\/crisolfm\/wp-json\/wp\/v2\/types\/post"}],"author":[{"embeddable":true,"href":"https:\/\/sertv.gob.pa\/crisolfm\/wp-json\/wp\/v2\/users\/64"}],"replies":[{"embeddable":true,"href":"https:\/\/sertv.gob.pa\/crisolfm\/wp-json\/wp\/v2\/comments?post=23410"}],"version-history":[{"count":1,"href":"https:\/\/sertv.gob.pa\/crisolfm\/wp-json\/wp\/v2\/posts\/23410\/revisions"}],"predecessor-version":[{"id":23412,"href":"https:\/\/sertv.gob.pa\/crisolfm\/wp-json\/wp\/v2\/posts\/23410\/revisions\/23412"}],"wp:featuredmedia":[{"embeddable":true,"href":"https:\/\/sertv.gob.pa\/crisolfm\/wp-json\/wp\/v2\/media\/23411"}],"wp:attachment":[{"href":"https:\/\/sertv.gob.pa\/crisolfm\/wp-json\/wp\/v2\/media?parent=23410"}],"wp:term":[{"taxonomy":"category","embeddable":true,"href":"https:\/\/sertv.gob.pa\/crisolfm\/wp-json\/wp\/v2\/categories?post=23410"},{"taxonomy":"post_tag","embeddable":true,"href":"https:\/\/sertv.gob.pa\/crisolfm\/wp-json\/wp\/v2\/tags?post=23410"}],"curies":[{"name":"wp","href":"https:\/\/api.w.org\/{rel}","templated":true}]}}