{"id":23416,"date":"2019-10-22T15:24:20","date_gmt":"2019-10-22T15:24:20","guid":{"rendered":"https:\/\/sertv.gob.pa\/crisolfm\/?p=23416"},"modified":"2019-10-22T15:24:20","modified_gmt":"2019-10-22T15:24:20","slug":"la-agricultura-ecologica-y-la-sostenibilidad-van-de-la-mano","status":"publish","type":"post","link":"https:\/\/sertv.gob.pa\/crisolfm\/la-agricultura-ecologica-y-la-sostenibilidad-van-de-la-mano\/","title":{"rendered":"La agricultura ecol\u00f3gica y la sostenibilidad \u2018van de la mano\u2019"},"content":{"rendered":"<p>En un Foro Internacional Agroindustrial de alto nivel celebrado el pasado 9 de octubre en Mosc\u00fa, en el marco de la 21\u00aa Exposici\u00f3n \u201cGolden Autumn-2019\u201d (Oto\u00f1o de Oro-2019), el Director General de la FAO, <strong>Qu Dongyu<\/strong>, destac\u00f3 el papel clave de la agricultura ecol\u00f3gica para el desarrollo sostenible.<\/p>\n<p>Su gran potencial para transformar el sector agr\u00edcola permitir\u00eda, tal y como se\u00f1al\u00f3, que toda la poblaci\u00f3n tuviese acceso a alimentos nutritivos, al tiempo que se garantiza la <strong>conservaci\u00f3n de los recursos naturales<\/strong>. En este sentido, destac\u00f3 la importancia de la digitalizaci\u00f3n para acelerar la transici\u00f3n desde las pr\u00e1cticas agr\u00edcolas tradicionales a una agricultura respetuosa con el medio ambiente.<\/p>\n<p>Subray\u00f3 la importancia de pasar a la producci\u00f3n y al procesamiento ecol\u00f3gico, que es \u00abmenos contaminante para el medio ambiente y consume menos agua\u201d, as\u00ed como \u201creducir los residuos de productos qu\u00edmicos y otros elementos contaminantes\u00bb. Para alimentar a 10.000 millones de personas en 2050, Qu manifest\u00f3 que necesitamos <strong>instaurar pol\u00edticas adecuadas<\/strong> que permitan producir una cantidad suficiente de alimentos nutritivos de manera sostenible.<\/p>\n<p>&nbsp;<\/p>\n<p>ECOticias<\/p>\n","protected":false},"excerpt":{"rendered":"<p>En un Foro Internacional Agroindustrial de alto nivel celebrado el <a href=\"https:\/\/sertv.gob.pa\/crisolfm\/la-agricultura-ecologica-y-la-sostenibilidad-van-de-la-mano\/\"> [&#8230;]<\/a><\/p>\n","protected":false},"author":64,"featured_media":23417,"comment_status":"closed","ping_status":"closed","sticky":false,"template":"","format":"standard","meta":{"footnotes":""},"categories":[7],"tags":[],"class_list":["post-23416","post","type-post","status-publish","format-standard","has-post-thumbnail","hentry","category-ecologicas"],"_links":{"self":[{"href":"https:\/\/sertv.gob.pa\/crisolfm\/wp-json\/wp\/v2\/posts\/23416","targetHints":{"allow":["GET"]}}],"collection":[{"href":"https:\/\/sertv.gob.pa\/crisolfm\/wp-json\/wp\/v2\/posts"}],"about":[{"href":"https:\/\/sertv.gob.pa\/crisolfm\/wp-json\/wp\/v2\/types\/post"}],"author":[{"embeddable":true,"href":"https:\/\/sertv.gob.pa\/crisolfm\/wp-json\/wp\/v2\/users\/64"}],"replies":[{"embeddable":true,"href":"https:\/\/sertv.gob.pa\/crisolfm\/wp-json\/wp\/v2\/comments?post=23416"}],"version-history":[{"count":1,"href":"https:\/\/sertv.gob.pa\/crisolfm\/wp-json\/wp\/v2\/posts\/23416\/revisions"}],"predecessor-version":[{"id":23418,"href":"https:\/\/sertv.gob.pa\/crisolfm\/wp-json\/wp\/v2\/posts\/23416\/revisions\/23418"}],"wp:featuredmedia":[{"embeddable":true,"href":"https:\/\/sertv.gob.pa\/crisolfm\/wp-json\/wp\/v2\/media\/23417"}],"wp:attachment":[{"href":"https:\/\/sertv.gob.pa\/crisolfm\/wp-json\/wp\/v2\/media?parent=23416"}],"wp:term":[{"taxonomy":"category","embeddable":true,"href":"https:\/\/sertv.gob.pa\/crisolfm\/wp-json\/wp\/v2\/categories?post=23416"},{"taxonomy":"post_tag","embeddable":true,"href":"https:\/\/sertv.gob.pa\/crisolfm\/wp-json\/wp\/v2\/tags?post=23416"}],"curies":[{"name":"wp","href":"https:\/\/api.w.org\/{rel}","templated":true}]}}