{"id":23427,"date":"2019-10-23T13:11:33","date_gmt":"2019-10-23T13:11:33","guid":{"rendered":"https:\/\/sertv.gob.pa\/crisolfm\/?p=23427"},"modified":"2019-10-23T13:11:33","modified_gmt":"2019-10-23T13:11:33","slug":"nuevo-hallazgo-arqueologico-se-dio-en-terrenos-de-finca-privada-en-cocle","status":"publish","type":"post","link":"https:\/\/sertv.gob.pa\/crisolfm\/nuevo-hallazgo-arqueologico-se-dio-en-terrenos-de-finca-privada-en-cocle\/","title":{"rendered":"Nuevo hallazgo arqueol\u00f3gico se dio en terrenos de finca privada en Cocl\u00e9"},"content":{"rendered":"<p><strong>Un nuevo hallazgo arqueol\u00f3gico se realiz\u00f3 en terrenos de una finca privada localizada en el sector de La Hincada de Ant\u00f3n, provincia de Cocl\u00e9.<\/strong> Se trata de una urna funeraria, fabricada de barro, de un tama\u00f1o considerable y que podr\u00eda contener los restos de m\u00e1s de una persona.<\/p>\n<p><strong>El hallazgo fue efectuado por un equipo de arque\u00f3logos del Ministerio de Cultura en la misma zona en donde el pasado 21 de septiembre el propietario de la finca ubicara, durante un movimiento de tierra, tres urnas funerarias.<\/strong> La urna desenterrada estaba a 1.50 metros de donde fueron encontradas las tres primeras.<\/p>\n<p><strong>El equipo de arque\u00f3logos sospecha que toda la zona fue un asentamiento ind\u00edgena, por lo que continuar\u00e1n las excavaciones durante los siguientes meses.<\/strong><\/p>\n<p>&nbsp;<\/p>\n","protected":false},"excerpt":{"rendered":"<p>Un nuevo hallazgo arqueol\u00f3gico se realiz\u00f3 en terrenos de una <a href=\"https:\/\/sertv.gob.pa\/crisolfm\/nuevo-hallazgo-arqueologico-se-dio-en-terrenos-de-finca-privada-en-cocle\/\"> [&#8230;]<\/a><\/p>\n","protected":false},"author":64,"featured_media":23429,"comment_status":"closed","ping_status":"closed","sticky":false,"template":"","format":"standard","meta":{"footnotes":""},"categories":[6],"tags":[],"class_list":["post-23427","post","type-post","status-publish","format-standard","has-post-thumbnail","hentry","category-culturales"],"_links":{"self":[{"href":"https:\/\/sertv.gob.pa\/crisolfm\/wp-json\/wp\/v2\/posts\/23427","targetHints":{"allow":["GET"]}}],"collection":[{"href":"https:\/\/sertv.gob.pa\/crisolfm\/wp-json\/wp\/v2\/posts"}],"about":[{"href":"https:\/\/sertv.gob.pa\/crisolfm\/wp-json\/wp\/v2\/types\/post"}],"author":[{"embeddable":true,"href":"https:\/\/sertv.gob.pa\/crisolfm\/wp-json\/wp\/v2\/users\/64"}],"replies":[{"embeddable":true,"href":"https:\/\/sertv.gob.pa\/crisolfm\/wp-json\/wp\/v2\/comments?post=23427"}],"version-history":[{"count":1,"href":"https:\/\/sertv.gob.pa\/crisolfm\/wp-json\/wp\/v2\/posts\/23427\/revisions"}],"predecessor-version":[{"id":23430,"href":"https:\/\/sertv.gob.pa\/crisolfm\/wp-json\/wp\/v2\/posts\/23427\/revisions\/23430"}],"wp:featuredmedia":[{"embeddable":true,"href":"https:\/\/sertv.gob.pa\/crisolfm\/wp-json\/wp\/v2\/media\/23429"}],"wp:attachment":[{"href":"https:\/\/sertv.gob.pa\/crisolfm\/wp-json\/wp\/v2\/media?parent=23427"}],"wp:term":[{"taxonomy":"category","embeddable":true,"href":"https:\/\/sertv.gob.pa\/crisolfm\/wp-json\/wp\/v2\/categories?post=23427"},{"taxonomy":"post_tag","embeddable":true,"href":"https:\/\/sertv.gob.pa\/crisolfm\/wp-json\/wp\/v2\/tags?post=23427"}],"curies":[{"name":"wp","href":"https:\/\/api.w.org\/{rel}","templated":true}]}}