{"id":23440,"date":"2019-10-23T13:32:26","date_gmt":"2019-10-23T13:32:26","guid":{"rendered":"https:\/\/sertv.gob.pa\/crisolfm\/?p=23440"},"modified":"2019-10-23T13:32:26","modified_gmt":"2019-10-23T13:32:26","slug":"el-museo-de-los-grammy-presentara-una-exposicion-de-los-20-anos-de-los-latin-grammy","status":"publish","type":"post","link":"https:\/\/sertv.gob.pa\/crisolfm\/el-museo-de-los-grammy-presentara-una-exposicion-de-los-20-anos-de-los-latin-grammy\/","title":{"rendered":"El Museo de los Grammy presentar\u00e1 una exposici\u00f3n de los 20 a\u00f1os de los Latin Grammy"},"content":{"rendered":"<p>El <u>Museo de los Grammy<\/u>, situado en el centro de Los \u00c1ngeles (EEUU), presentar\u00e1 en noviembre una exposici\u00f3n dedicada a los 20 a\u00f1os de los Latin Grammy, los premios musicales m\u00e1s importantes dedicados a la escena latina.<\/p>\n<p>\u00abLatin Grammy 20 a\u00f1os de excelencia\u00bb es el t\u00edtulo de esta muestra especial que se inaugurar\u00e1 el 18 de noviembre y que permanecer\u00e1 abierta hasta la primavera del a\u00f1o entrante, sin fecha confirmada de cierre por ahora.<\/p>\n<p>La exposici\u00f3n, que abrir\u00e1 sus puertas la semana posterior a la entrega de los Latin Grammy en Las Vegas (EEUU), repasar\u00e1 el legado e historia de estos galardones e incluir\u00e1 instrumentos, objetos y prendas de vestir de artistas como <strong>Alejandro Sanz<\/strong>, <strong>Julieta Venegas<\/strong>, <strong>Juan Gabriel<\/strong>, <strong>Luis Fonsi<\/strong> o <strong>Ricky Martin<\/strong>, entre muchos otros.<\/p>\n<p>EFE<\/p>\n","protected":false},"excerpt":{"rendered":"<p>El Museo de los Grammy, situado en el centro de <a href=\"https:\/\/sertv.gob.pa\/crisolfm\/el-museo-de-los-grammy-presentara-una-exposicion-de-los-20-anos-de-los-latin-grammy\/\"> [&#8230;]<\/a><\/p>\n","protected":false},"author":64,"featured_media":23441,"comment_status":"closed","ping_status":"closed","sticky":false,"template":"","format":"standard","meta":{"footnotes":""},"categories":[6],"tags":[],"class_list":["post-23440","post","type-post","status-publish","format-standard","has-post-thumbnail","hentry","category-culturales"],"_links":{"self":[{"href":"https:\/\/sertv.gob.pa\/crisolfm\/wp-json\/wp\/v2\/posts\/23440","targetHints":{"allow":["GET"]}}],"collection":[{"href":"https:\/\/sertv.gob.pa\/crisolfm\/wp-json\/wp\/v2\/posts"}],"about":[{"href":"https:\/\/sertv.gob.pa\/crisolfm\/wp-json\/wp\/v2\/types\/post"}],"author":[{"embeddable":true,"href":"https:\/\/sertv.gob.pa\/crisolfm\/wp-json\/wp\/v2\/users\/64"}],"replies":[{"embeddable":true,"href":"https:\/\/sertv.gob.pa\/crisolfm\/wp-json\/wp\/v2\/comments?post=23440"}],"version-history":[{"count":1,"href":"https:\/\/sertv.gob.pa\/crisolfm\/wp-json\/wp\/v2\/posts\/23440\/revisions"}],"predecessor-version":[{"id":23442,"href":"https:\/\/sertv.gob.pa\/crisolfm\/wp-json\/wp\/v2\/posts\/23440\/revisions\/23442"}],"wp:featuredmedia":[{"embeddable":true,"href":"https:\/\/sertv.gob.pa\/crisolfm\/wp-json\/wp\/v2\/media\/23441"}],"wp:attachment":[{"href":"https:\/\/sertv.gob.pa\/crisolfm\/wp-json\/wp\/v2\/media?parent=23440"}],"wp:term":[{"taxonomy":"category","embeddable":true,"href":"https:\/\/sertv.gob.pa\/crisolfm\/wp-json\/wp\/v2\/categories?post=23440"},{"taxonomy":"post_tag","embeddable":true,"href":"https:\/\/sertv.gob.pa\/crisolfm\/wp-json\/wp\/v2\/tags?post=23440"}],"curies":[{"name":"wp","href":"https:\/\/api.w.org\/{rel}","templated":true}]}}