{"id":23446,"date":"2019-10-23T14:38:03","date_gmt":"2019-10-23T14:38:03","guid":{"rendered":"https:\/\/sertv.gob.pa\/crisolfm\/?p=23446"},"modified":"2019-10-23T14:38:03","modified_gmt":"2019-10-23T14:38:03","slug":"encuentran-una-perla-de-8-000-anos-en-emiratos-arabes-unidos","status":"publish","type":"post","link":"https:\/\/sertv.gob.pa\/crisolfm\/encuentran-una-perla-de-8-000-anos-en-emiratos-arabes-unidos\/","title":{"rendered":"Encuentran una perla de 8.000 a\u00f1os en Emiratos \u00c1rabes Unidos"},"content":{"rendered":"<p>Una perla natural de 8.000 a\u00f1os ha sido hallada por arque\u00f3logos en Emiratos \u00c1rabes Unidos, una pieza del neol\u00edtico que se cree que podr\u00eda ser la m\u00e1s antigua jam\u00e1s encontrada y que permite conocer h\u00e1bitos y costumbres de aquella \u00e9poca.<\/p>\n<p>El departamento de Cultura y Turismo en Abu Dabi inform\u00f3\u00a0que el descubrimiento de la pieza se produjo en el yacimiento arqueol\u00f3gico de la Isla Marawah, en el Golfo P\u00e9rsico, y ya ha sido bautizada como la \u00abperla de Abu Dabi\u00bb.<\/p>\n<p>La pieza fue encontrada en estratos de carbono datados entre 5.800 y 5.600 a\u00f1os antes de Cristo y seg\u00fan los arque\u00f3logos citados en el comunicado consideran que este descubrimiento demuestra que el comercio existi\u00f3 en un periodo tan antiguo como el neol\u00edtico. El hallazgo ser\u00e1 expuesto en el Louvre de Abu Dhabi, en la exposici\u00f3n \u00ab10.000 A\u00f1os de Lujo\u00bb, que abrir\u00e1 en breve, inform\u00f3 a Efe una fuente del museo.<\/p>\n<p>EFE<\/p>\n","protected":false},"excerpt":{"rendered":"<p>Una perla natural de 8.000 a\u00f1os ha sido hallada por <a href=\"https:\/\/sertv.gob.pa\/crisolfm\/encuentran-una-perla-de-8-000-anos-en-emiratos-arabes-unidos\/\"> [&#8230;]<\/a><\/p>\n","protected":false},"author":64,"featured_media":23447,"comment_status":"closed","ping_status":"closed","sticky":false,"template":"","format":"standard","meta":{"footnotes":""},"categories":[6],"tags":[],"class_list":["post-23446","post","type-post","status-publish","format-standard","has-post-thumbnail","hentry","category-culturales"],"_links":{"self":[{"href":"https:\/\/sertv.gob.pa\/crisolfm\/wp-json\/wp\/v2\/posts\/23446","targetHints":{"allow":["GET"]}}],"collection":[{"href":"https:\/\/sertv.gob.pa\/crisolfm\/wp-json\/wp\/v2\/posts"}],"about":[{"href":"https:\/\/sertv.gob.pa\/crisolfm\/wp-json\/wp\/v2\/types\/post"}],"author":[{"embeddable":true,"href":"https:\/\/sertv.gob.pa\/crisolfm\/wp-json\/wp\/v2\/users\/64"}],"replies":[{"embeddable":true,"href":"https:\/\/sertv.gob.pa\/crisolfm\/wp-json\/wp\/v2\/comments?post=23446"}],"version-history":[{"count":1,"href":"https:\/\/sertv.gob.pa\/crisolfm\/wp-json\/wp\/v2\/posts\/23446\/revisions"}],"predecessor-version":[{"id":23448,"href":"https:\/\/sertv.gob.pa\/crisolfm\/wp-json\/wp\/v2\/posts\/23446\/revisions\/23448"}],"wp:featuredmedia":[{"embeddable":true,"href":"https:\/\/sertv.gob.pa\/crisolfm\/wp-json\/wp\/v2\/media\/23447"}],"wp:attachment":[{"href":"https:\/\/sertv.gob.pa\/crisolfm\/wp-json\/wp\/v2\/media?parent=23446"}],"wp:term":[{"taxonomy":"category","embeddable":true,"href":"https:\/\/sertv.gob.pa\/crisolfm\/wp-json\/wp\/v2\/categories?post=23446"},{"taxonomy":"post_tag","embeddable":true,"href":"https:\/\/sertv.gob.pa\/crisolfm\/wp-json\/wp\/v2\/tags?post=23446"}],"curies":[{"name":"wp","href":"https:\/\/api.w.org\/{rel}","templated":true}]}}