{"id":23453,"date":"2019-10-23T15:22:01","date_gmt":"2019-10-23T15:22:01","guid":{"rendered":"https:\/\/sertv.gob.pa\/crisolfm\/?p=23453"},"modified":"2019-10-23T15:22:01","modified_gmt":"2019-10-23T15:22:01","slug":"volkswagen-y-sus-70-modelos-de-coche-electrico-antes-de-2025","status":"publish","type":"post","link":"https:\/\/sertv.gob.pa\/crisolfm\/volkswagen-y-sus-70-modelos-de-coche-electrico-antes-de-2025\/","title":{"rendered":"Volkswagen y sus 70 modelos de coche el\u00e9ctrico antes de 2025"},"content":{"rendered":"<p>El fabricante automovil\u00edstico ya fij\u00f3 un objetivo de <strong>neutralidad en emisiones<\/strong> de di\u00f3xido de carbono (CO2) en 2050, alineado con los compromisos del Acuerdo de Par\u00eds sobre el clima, con una declaraci\u00f3n de principios medioambientales llamada &#8216;goTOzero&#8217;. Para cumplir con este objetivo, Volkswagen se centrar\u00e1 en la electrificaci\u00f3n de su flota con el desarrollo de la Plataforma Modular de Propulsi\u00f3n El\u00e9ctrica y ofreciendo a sus clientes electricidad de fuentes renovables para la recarga de bater\u00edas.<\/p>\n<p>A partir del a\u00f1o que viene, la compa\u00f1\u00eda prev\u00e9 lanzar al mercado el coche el\u00e9ctrico ID.3, cuya producci\u00f3n, que comenzar\u00e1 en pr\u00f3ximo 4 de noviembre en la planta de Zwickau (Alemania), es neutra en CO2. De hecho, para producir este y el resto de <strong>modelos el\u00e9ctricos<\/strong>, el fabricante reconvertir\u00e1 ocho plantas de veh\u00edculos de Europa, China y Estados Unidos hasta 2022.<\/p>\n<p>Adem\u00e1s, Volkswagen tiene la intenci\u00f3n de reducir las emisiones de CO2 de la flota de coches en Europa desde 123 gramos por kil\u00f3metro (g\/km) a 95 gramos g\/km a partir de 2020 y reducir las emisiones de CO2 por veh\u00edculo producido en un 45% respecto para 2025 respecto a 2010.<\/p>\n<p>ECOticias<\/p>\n","protected":false},"excerpt":{"rendered":"<p>El fabricante automovil\u00edstico ya fij\u00f3 un objetivo de neutralidad en <a href=\"https:\/\/sertv.gob.pa\/crisolfm\/volkswagen-y-sus-70-modelos-de-coche-electrico-antes-de-2025\/\"> [&#8230;]<\/a><\/p>\n","protected":false},"author":64,"featured_media":23454,"comment_status":"closed","ping_status":"closed","sticky":false,"template":"","format":"standard","meta":{"footnotes":""},"categories":[7],"tags":[],"class_list":["post-23453","post","type-post","status-publish","format-standard","has-post-thumbnail","hentry","category-ecologicas"],"_links":{"self":[{"href":"https:\/\/sertv.gob.pa\/crisolfm\/wp-json\/wp\/v2\/posts\/23453","targetHints":{"allow":["GET"]}}],"collection":[{"href":"https:\/\/sertv.gob.pa\/crisolfm\/wp-json\/wp\/v2\/posts"}],"about":[{"href":"https:\/\/sertv.gob.pa\/crisolfm\/wp-json\/wp\/v2\/types\/post"}],"author":[{"embeddable":true,"href":"https:\/\/sertv.gob.pa\/crisolfm\/wp-json\/wp\/v2\/users\/64"}],"replies":[{"embeddable":true,"href":"https:\/\/sertv.gob.pa\/crisolfm\/wp-json\/wp\/v2\/comments?post=23453"}],"version-history":[{"count":1,"href":"https:\/\/sertv.gob.pa\/crisolfm\/wp-json\/wp\/v2\/posts\/23453\/revisions"}],"predecessor-version":[{"id":23455,"href":"https:\/\/sertv.gob.pa\/crisolfm\/wp-json\/wp\/v2\/posts\/23453\/revisions\/23455"}],"wp:featuredmedia":[{"embeddable":true,"href":"https:\/\/sertv.gob.pa\/crisolfm\/wp-json\/wp\/v2\/media\/23454"}],"wp:attachment":[{"href":"https:\/\/sertv.gob.pa\/crisolfm\/wp-json\/wp\/v2\/media?parent=23453"}],"wp:term":[{"taxonomy":"category","embeddable":true,"href":"https:\/\/sertv.gob.pa\/crisolfm\/wp-json\/wp\/v2\/categories?post=23453"},{"taxonomy":"post_tag","embeddable":true,"href":"https:\/\/sertv.gob.pa\/crisolfm\/wp-json\/wp\/v2\/tags?post=23453"}],"curies":[{"name":"wp","href":"https:\/\/api.w.org\/{rel}","templated":true}]}}