{"id":23461,"date":"2019-10-23T15:42:24","date_gmt":"2019-10-23T15:42:24","guid":{"rendered":"https:\/\/sertv.gob.pa\/crisolfm\/?p=23461"},"modified":"2019-10-23T15:42:24","modified_gmt":"2019-10-23T15:42:24","slug":"grundig-usara-materiales-reciclados-en-sus-electrodomesticos","status":"publish","type":"post","link":"https:\/\/sertv.gob.pa\/crisolfm\/grundig-usara-materiales-reciclados-en-sus-electrodomesticos\/","title":{"rendered":"Grundig usar\u00e1 materiales reciclados en sus electrodom\u00e9sticos"},"content":{"rendered":"<p>La compa\u00f1\u00eda ha anunciado una nueva<strong> campa\u00f1a de concienciaci\u00f3n por el reciclaje<\/strong> con la que premiar\u00e1 a los consumidores que entreguen a la marca sus residuos de productos electr\u00f3nicos.<\/p>\n<p>El director de Marketing de Grundig en Espa\u00f1a y Portugal, Manuel Royo, ha presentado este martes en un evento celebrado en Madrid la nueva estrategia de la marca que se basa en la utilizaci\u00f3n de tecnolog\u00edas en el dise\u00f1o de sus productos que supongan el cumplimiento de las tres erres. \u00abNo est\u00e1 re\u00f1ido reutilizar productos con tener una cocina excelente\u00bb, ha puntualizado Royo.<\/p>\n<p>As\u00ed, ha asegurado que sus lavadoras y sus hornos ya cuentan con<strong> materiales reciclados<\/strong> dentro del propio dise\u00f1o. En el caso de las lavadoras est\u00e1n utilizando pl\u00e1stico de botellas para la cuba o tambor, y en los hornos se reutilizan redes de pesca para obtener nailon.<\/p>\n<p>ECOticias<\/p>\n","protected":false},"excerpt":{"rendered":"<p>La compa\u00f1\u00eda ha anunciado una nueva campa\u00f1a de concienciaci\u00f3n por <a href=\"https:\/\/sertv.gob.pa\/crisolfm\/grundig-usara-materiales-reciclados-en-sus-electrodomesticos\/\"> [&#8230;]<\/a><\/p>\n","protected":false},"author":64,"featured_media":23462,"comment_status":"closed","ping_status":"closed","sticky":false,"template":"","format":"standard","meta":{"footnotes":""},"categories":[7],"tags":[],"class_list":["post-23461","post","type-post","status-publish","format-standard","has-post-thumbnail","hentry","category-ecologicas"],"_links":{"self":[{"href":"https:\/\/sertv.gob.pa\/crisolfm\/wp-json\/wp\/v2\/posts\/23461","targetHints":{"allow":["GET"]}}],"collection":[{"href":"https:\/\/sertv.gob.pa\/crisolfm\/wp-json\/wp\/v2\/posts"}],"about":[{"href":"https:\/\/sertv.gob.pa\/crisolfm\/wp-json\/wp\/v2\/types\/post"}],"author":[{"embeddable":true,"href":"https:\/\/sertv.gob.pa\/crisolfm\/wp-json\/wp\/v2\/users\/64"}],"replies":[{"embeddable":true,"href":"https:\/\/sertv.gob.pa\/crisolfm\/wp-json\/wp\/v2\/comments?post=23461"}],"version-history":[{"count":1,"href":"https:\/\/sertv.gob.pa\/crisolfm\/wp-json\/wp\/v2\/posts\/23461\/revisions"}],"predecessor-version":[{"id":23463,"href":"https:\/\/sertv.gob.pa\/crisolfm\/wp-json\/wp\/v2\/posts\/23461\/revisions\/23463"}],"wp:featuredmedia":[{"embeddable":true,"href":"https:\/\/sertv.gob.pa\/crisolfm\/wp-json\/wp\/v2\/media\/23462"}],"wp:attachment":[{"href":"https:\/\/sertv.gob.pa\/crisolfm\/wp-json\/wp\/v2\/media?parent=23461"}],"wp:term":[{"taxonomy":"category","embeddable":true,"href":"https:\/\/sertv.gob.pa\/crisolfm\/wp-json\/wp\/v2\/categories?post=23461"},{"taxonomy":"post_tag","embeddable":true,"href":"https:\/\/sertv.gob.pa\/crisolfm\/wp-json\/wp\/v2\/tags?post=23461"}],"curies":[{"name":"wp","href":"https:\/\/api.w.org\/{rel}","templated":true}]}}