{"id":23470,"date":"2019-10-24T13:20:28","date_gmt":"2019-10-24T13:20:28","guid":{"rendered":"https:\/\/sertv.gob.pa\/crisolfm\/?p=23470"},"modified":"2019-10-24T13:20:28","modified_gmt":"2019-10-24T13:20:28","slug":"restos-del-dictador-franco-seran-exhumados-de-su-mausoleo","status":"publish","type":"post","link":"https:\/\/sertv.gob.pa\/crisolfm\/restos-del-dictador-franco-seran-exhumados-de-su-mausoleo\/","title":{"rendered":"Restos del dictador Franco ser\u00e1n exhumados de su mausoleo"},"content":{"rendered":"<p>Espa\u00f1a se dispone a exhumar el jueves 24 de octubre, tras varios retrasos, los restos de Francisco Franco de su monumental mausoleo en las afueras de Madrid, 44 a\u00f1os despu\u00e9s del fin de una dictadura cuyas heridas no han terminado de cicatrizar.<\/p>\n<p>El gobierno de Pedro S\u00e1nchez, en el poder desde junio de 2018, hab\u00eda hecho de la exhumaci\u00f3n una de sus banderas para que el complejo del Valle de los Ca\u00eddos dejara de ser un lugar de \u00abexaltaci\u00f3n\u00bb de la dictadura franquista (1939-1975). Es una \u00abgran victoria de la dignidad, de la memoria, de la justicia, de la reparaci\u00f3n y, por tanto, de la democracia espa\u00f1ola\u00bb, dijo S\u00e1nchez este mi\u00e9rcoles.<\/p>\n<p>La exhumaci\u00f3n, que ser\u00e1 transmitida en directo por la televisi\u00f3n, debe empezar a las 10:30 locales. Los despojos del dictador ser\u00e1n trasladados desde el Valle de los Ca\u00eddos, a unos 50 km al noroeste de Madrid (en la sierra del Guadarrama), hasta el cementerio de El Pardo-Mingorrubio en el norte de la capital, donde descansa su esposa. Si el tiempo lo permite, el traslado se har\u00e1 en helic\u00f3ptero.<\/p>\n<p>&nbsp;<\/p>\n<p>AFP<\/p>\n","protected":false},"excerpt":{"rendered":"<p>Espa\u00f1a se dispone a exhumar el jueves 24 de octubre, <a href=\"https:\/\/sertv.gob.pa\/crisolfm\/restos-del-dictador-franco-seran-exhumados-de-su-mausoleo\/\"> [&#8230;]<\/a><\/p>\n","protected":false},"author":64,"featured_media":23471,"comment_status":"closed","ping_status":"closed","sticky":false,"template":"","format":"standard","meta":{"footnotes":""},"categories":[6],"tags":[],"class_list":["post-23470","post","type-post","status-publish","format-standard","has-post-thumbnail","hentry","category-culturales"],"_links":{"self":[{"href":"https:\/\/sertv.gob.pa\/crisolfm\/wp-json\/wp\/v2\/posts\/23470","targetHints":{"allow":["GET"]}}],"collection":[{"href":"https:\/\/sertv.gob.pa\/crisolfm\/wp-json\/wp\/v2\/posts"}],"about":[{"href":"https:\/\/sertv.gob.pa\/crisolfm\/wp-json\/wp\/v2\/types\/post"}],"author":[{"embeddable":true,"href":"https:\/\/sertv.gob.pa\/crisolfm\/wp-json\/wp\/v2\/users\/64"}],"replies":[{"embeddable":true,"href":"https:\/\/sertv.gob.pa\/crisolfm\/wp-json\/wp\/v2\/comments?post=23470"}],"version-history":[{"count":1,"href":"https:\/\/sertv.gob.pa\/crisolfm\/wp-json\/wp\/v2\/posts\/23470\/revisions"}],"predecessor-version":[{"id":23472,"href":"https:\/\/sertv.gob.pa\/crisolfm\/wp-json\/wp\/v2\/posts\/23470\/revisions\/23472"}],"wp:featuredmedia":[{"embeddable":true,"href":"https:\/\/sertv.gob.pa\/crisolfm\/wp-json\/wp\/v2\/media\/23471"}],"wp:attachment":[{"href":"https:\/\/sertv.gob.pa\/crisolfm\/wp-json\/wp\/v2\/media?parent=23470"}],"wp:term":[{"taxonomy":"category","embeddable":true,"href":"https:\/\/sertv.gob.pa\/crisolfm\/wp-json\/wp\/v2\/categories?post=23470"},{"taxonomy":"post_tag","embeddable":true,"href":"https:\/\/sertv.gob.pa\/crisolfm\/wp-json\/wp\/v2\/tags?post=23470"}],"curies":[{"name":"wp","href":"https:\/\/api.w.org\/{rel}","templated":true}]}}