{"id":23486,"date":"2019-10-24T14:04:39","date_gmt":"2019-10-24T14:04:39","guid":{"rendered":"https:\/\/sertv.gob.pa\/crisolfm\/?p=23486"},"modified":"2019-10-24T15:31:45","modified_gmt":"2019-10-24T15:31:45","slug":"feria-internacional-del-libro-infantil-abrira-en-shanghai-en-noviembre","status":"publish","type":"post","link":"https:\/\/sertv.gob.pa\/crisolfm\/feria-internacional-del-libro-infantil-abrira-en-shanghai-en-noviembre\/","title":{"rendered":"Feria Internacional del Libro Infantil abrir\u00e1 en Shanghai en Noviembre"},"content":{"rendered":"<p><strong>Feria Internacional del Libro Infantil Shanghai 2019<\/strong> ser\u00e1 inaugurada el 15 de Noviembre, y se espera que atraiga a unos 40,000 visitantes.<\/p>\n<p>El evento, de tres d\u00edas de duraci\u00f3n, se celebrar\u00e1 en el Centro de Exhibiciones y Convenciones de la Exposici\u00f3n Universal de Shanghai, con un \u00e1rea de muestra de 25,000 metros cuadrados, y m\u00e1s de 60,000 t\u00edtulos recientes.<\/p>\n<p>La versi\u00f3n en chino de <u>\u00abZgubiona Dusza\u00bb (El alma perdida)<\/u>, el \u00fanico libro ilustrado de la Nobel de Literatura polaca <strong>Olga Tokarczuk<\/strong>, tambi\u00e9n debutar\u00e1 en el evento.<\/p>\n<p>La feria, que se celebr\u00f3 por primera vez en 2013, contar\u00e1 en esta ocasi\u00f3n con la participaci\u00f3n de m\u00e1s de 400 expositores tanto dom\u00e9sticos como de ultramar.<\/p>\n<p>Xinhua Servicios<\/p>\n","protected":false},"excerpt":{"rendered":"<p>Feria Internacional del Libro Infantil Shanghai 2019 ser\u00e1 inaugurada el <a href=\"https:\/\/sertv.gob.pa\/crisolfm\/feria-internacional-del-libro-infantil-abrira-en-shanghai-en-noviembre\/\"> [&#8230;]<\/a><\/p>\n","protected":false},"author":64,"featured_media":23487,"comment_status":"closed","ping_status":"closed","sticky":false,"template":"","format":"standard","meta":{"footnotes":""},"categories":[6],"tags":[],"class_list":["post-23486","post","type-post","status-publish","format-standard","has-post-thumbnail","hentry","category-culturales"],"_links":{"self":[{"href":"https:\/\/sertv.gob.pa\/crisolfm\/wp-json\/wp\/v2\/posts\/23486","targetHints":{"allow":["GET"]}}],"collection":[{"href":"https:\/\/sertv.gob.pa\/crisolfm\/wp-json\/wp\/v2\/posts"}],"about":[{"href":"https:\/\/sertv.gob.pa\/crisolfm\/wp-json\/wp\/v2\/types\/post"}],"author":[{"embeddable":true,"href":"https:\/\/sertv.gob.pa\/crisolfm\/wp-json\/wp\/v2\/users\/64"}],"replies":[{"embeddable":true,"href":"https:\/\/sertv.gob.pa\/crisolfm\/wp-json\/wp\/v2\/comments?post=23486"}],"version-history":[{"count":2,"href":"https:\/\/sertv.gob.pa\/crisolfm\/wp-json\/wp\/v2\/posts\/23486\/revisions"}],"predecessor-version":[{"id":23505,"href":"https:\/\/sertv.gob.pa\/crisolfm\/wp-json\/wp\/v2\/posts\/23486\/revisions\/23505"}],"wp:featuredmedia":[{"embeddable":true,"href":"https:\/\/sertv.gob.pa\/crisolfm\/wp-json\/wp\/v2\/media\/23487"}],"wp:attachment":[{"href":"https:\/\/sertv.gob.pa\/crisolfm\/wp-json\/wp\/v2\/media?parent=23486"}],"wp:term":[{"taxonomy":"category","embeddable":true,"href":"https:\/\/sertv.gob.pa\/crisolfm\/wp-json\/wp\/v2\/categories?post=23486"},{"taxonomy":"post_tag","embeddable":true,"href":"https:\/\/sertv.gob.pa\/crisolfm\/wp-json\/wp\/v2\/tags?post=23486"}],"curies":[{"name":"wp","href":"https:\/\/api.w.org\/{rel}","templated":true}]}}