{"id":23489,"date":"2019-10-24T14:08:35","date_gmt":"2019-10-24T14:08:35","guid":{"rendered":"https:\/\/sertv.gob.pa\/crisolfm\/?p=23489"},"modified":"2019-10-24T14:08:35","modified_gmt":"2019-10-24T14:08:35","slug":"jaume-plensa-exhibe-en-mexico-una-escultura-para-ver-mas-alla-de-los-muros","status":"publish","type":"post","link":"https:\/\/sertv.gob.pa\/crisolfm\/jaume-plensa-exhibe-en-mexico-una-escultura-para-ver-mas-alla-de-los-muros\/","title":{"rendered":"Jaume Plensa exhibe en M\u00e9xico una escultura para ver m\u00e1s all\u00e1 de los muros"},"content":{"rendered":"<p>La imponente y reflexiva escultura \u00ab<strong>Behind the walls<\/strong>\u00ab, del espa\u00f1ol <strong>Jaume Plensa<\/strong>, puede verse desde este mi\u00e9rcoles en <strong>Ciudad de M\u00e9xico<\/strong> con el objetivo de hacer reflexionar a los ciudadanos sobre los muros, tanto f\u00edsicos como metaf\u00f3ricos.<\/p>\n<p>Delante de su obra, una pulcra cara blanca que se tapa los ojos con las manos, en el centro del patio de los leones del <strong>Museo Nacional de Arte<\/strong> (Munal), el artista asegura que la pieza representa \u00abla idea de que el ser humano est\u00e1 obsesionado con construir muros\u00bb, empezando por sus propias manos, que no dejan ver.<\/p>\n<p>\u00abMuchas veces no nos damos cuenta de que a nivel individual nuestras manos son los grandes muros, que cuando las levantamos delante de nuestros ojos son los m\u00e1s altos y opacos que existen, porque no nos permiten ver lo que tendr\u00edamos que ver\u00bb, expuso.<\/p>\n<p>La pieza, expuesta de abril a junio en el Centro Rockefeller de Nueva York, renace en significados en su llegada a M\u00e9xico.<\/p>\n<p>EFE<\/p>\n","protected":false},"excerpt":{"rendered":"<p>La imponente y reflexiva escultura \u00abBehind the walls\u00ab, del espa\u00f1ol <a href=\"https:\/\/sertv.gob.pa\/crisolfm\/jaume-plensa-exhibe-en-mexico-una-escultura-para-ver-mas-alla-de-los-muros\/\"> [&#8230;]<\/a><\/p>\n","protected":false},"author":64,"featured_media":23490,"comment_status":"closed","ping_status":"closed","sticky":false,"template":"","format":"standard","meta":{"footnotes":""},"categories":[6],"tags":[],"class_list":["post-23489","post","type-post","status-publish","format-standard","has-post-thumbnail","hentry","category-culturales"],"_links":{"self":[{"href":"https:\/\/sertv.gob.pa\/crisolfm\/wp-json\/wp\/v2\/posts\/23489","targetHints":{"allow":["GET"]}}],"collection":[{"href":"https:\/\/sertv.gob.pa\/crisolfm\/wp-json\/wp\/v2\/posts"}],"about":[{"href":"https:\/\/sertv.gob.pa\/crisolfm\/wp-json\/wp\/v2\/types\/post"}],"author":[{"embeddable":true,"href":"https:\/\/sertv.gob.pa\/crisolfm\/wp-json\/wp\/v2\/users\/64"}],"replies":[{"embeddable":true,"href":"https:\/\/sertv.gob.pa\/crisolfm\/wp-json\/wp\/v2\/comments?post=23489"}],"version-history":[{"count":1,"href":"https:\/\/sertv.gob.pa\/crisolfm\/wp-json\/wp\/v2\/posts\/23489\/revisions"}],"predecessor-version":[{"id":23491,"href":"https:\/\/sertv.gob.pa\/crisolfm\/wp-json\/wp\/v2\/posts\/23489\/revisions\/23491"}],"wp:featuredmedia":[{"embeddable":true,"href":"https:\/\/sertv.gob.pa\/crisolfm\/wp-json\/wp\/v2\/media\/23490"}],"wp:attachment":[{"href":"https:\/\/sertv.gob.pa\/crisolfm\/wp-json\/wp\/v2\/media?parent=23489"}],"wp:term":[{"taxonomy":"category","embeddable":true,"href":"https:\/\/sertv.gob.pa\/crisolfm\/wp-json\/wp\/v2\/categories?post=23489"},{"taxonomy":"post_tag","embeddable":true,"href":"https:\/\/sertv.gob.pa\/crisolfm\/wp-json\/wp\/v2\/tags?post=23489"}],"curies":[{"name":"wp","href":"https:\/\/api.w.org\/{rel}","templated":true}]}}