{"id":23519,"date":"2019-10-25T13:49:30","date_gmt":"2019-10-25T13:49:30","guid":{"rendered":"https:\/\/sertv.gob.pa\/crisolfm\/?p=23519"},"modified":"2019-10-25T13:49:30","modified_gmt":"2019-10-25T13:49:30","slug":"primer-concurso-de-dibujo-y-pintura-para-ninos-de-primaria-en-veraguas","status":"publish","type":"post","link":"https:\/\/sertv.gob.pa\/crisolfm\/primer-concurso-de-dibujo-y-pintura-para-ninos-de-primaria-en-veraguas\/","title":{"rendered":"Primer concurso de dibujo y pintura para ni\u00f1os de primaria en Veraguas"},"content":{"rendered":"<p>El reconocido artista paname\u00f1o, Aristides Ure\u00f1a Ramos, fue escogido por la Alcald\u00eda de Santiago de Veraguas para dirigir el Primer Concurso de Dibujo y Pintura para ni\u00f1os de primaria. La actividad, cuyo lema es \u201cDibujando los cuentos de ayer, idiosincrasia y relatos interioranos\u201d, empez\u00f3 el mi\u00e9rcoles 23 de octubre en el marco de la celebraci\u00f3n de los 398 a\u00f1os de fundaci\u00f3n del distrito de Santiago.<\/p>\n<p>\u201cAcojo este premio porque siempre he tenido una gran preocupaci\u00f3n y es que los ni\u00f1os paname\u00f1os han perdido el inter\u00e9s de hacer realidad sus sue\u00f1os, de representar los cuentos folcl\u00f3ricos paname\u00f1os. Yo crec\u00ed viendo a Carlos Francisco Chang Mar\u00edn y a mi abuelo pintando y escribiendo cuentos de T\u00edo Conejo y T\u00edo Tigre\u201d, detall\u00f3 el artista pl\u00e1stico.<\/p>\n<p>\u201cLa cultura japonesa ha llenado de &#8216;mangas&#8217; las televisiones y eso es lo que los ni\u00f1os tienen como referencia, y no es culpa de la comercializaci\u00f3n de la televisi\u00f3n, sino de nosotros mismos, que no hemos brindado una soluci\u00f3n a este problema\u201d, rese\u00f1a Ramos, un referente cultural paname\u00f1o y quien vivi\u00f3 38 a\u00f1os en Florencia, Italia.<\/p>\n<p>El artista agrega que todos los trabajos que se realicen en este concurso se referir\u00e1n a la idiosincrasia del Panam\u00e1 profundo, de los cuentos interioranos y los relatos, para que los ni\u00f1os se identifiquen con esas narraciones y mediten m\u00e1s sobre nuestro pasado.<\/p>\n","protected":false},"excerpt":{"rendered":"<p>El reconocido artista paname\u00f1o, Aristides Ure\u00f1a Ramos, fue escogido por <a href=\"https:\/\/sertv.gob.pa\/crisolfm\/primer-concurso-de-dibujo-y-pintura-para-ninos-de-primaria-en-veraguas\/\"> [&#8230;]<\/a><\/p>\n","protected":false},"author":64,"featured_media":23520,"comment_status":"closed","ping_status":"closed","sticky":false,"template":"","format":"standard","meta":{"footnotes":""},"categories":[6],"tags":[],"class_list":["post-23519","post","type-post","status-publish","format-standard","has-post-thumbnail","hentry","category-culturales"],"_links":{"self":[{"href":"https:\/\/sertv.gob.pa\/crisolfm\/wp-json\/wp\/v2\/posts\/23519","targetHints":{"allow":["GET"]}}],"collection":[{"href":"https:\/\/sertv.gob.pa\/crisolfm\/wp-json\/wp\/v2\/posts"}],"about":[{"href":"https:\/\/sertv.gob.pa\/crisolfm\/wp-json\/wp\/v2\/types\/post"}],"author":[{"embeddable":true,"href":"https:\/\/sertv.gob.pa\/crisolfm\/wp-json\/wp\/v2\/users\/64"}],"replies":[{"embeddable":true,"href":"https:\/\/sertv.gob.pa\/crisolfm\/wp-json\/wp\/v2\/comments?post=23519"}],"version-history":[{"count":1,"href":"https:\/\/sertv.gob.pa\/crisolfm\/wp-json\/wp\/v2\/posts\/23519\/revisions"}],"predecessor-version":[{"id":23521,"href":"https:\/\/sertv.gob.pa\/crisolfm\/wp-json\/wp\/v2\/posts\/23519\/revisions\/23521"}],"wp:featuredmedia":[{"embeddable":true,"href":"https:\/\/sertv.gob.pa\/crisolfm\/wp-json\/wp\/v2\/media\/23520"}],"wp:attachment":[{"href":"https:\/\/sertv.gob.pa\/crisolfm\/wp-json\/wp\/v2\/media?parent=23519"}],"wp:term":[{"taxonomy":"category","embeddable":true,"href":"https:\/\/sertv.gob.pa\/crisolfm\/wp-json\/wp\/v2\/categories?post=23519"},{"taxonomy":"post_tag","embeddable":true,"href":"https:\/\/sertv.gob.pa\/crisolfm\/wp-json\/wp\/v2\/tags?post=23519"}],"curies":[{"name":"wp","href":"https:\/\/api.w.org\/{rel}","templated":true}]}}