{"id":23543,"date":"2019-10-25T15:15:29","date_gmt":"2019-10-25T15:15:29","guid":{"rendered":"https:\/\/sertv.gob.pa\/crisolfm\/?p=23543"},"modified":"2019-10-25T15:15:29","modified_gmt":"2019-10-25T15:15:29","slug":"espana-declarara-9-nuevas-areas-marinas-protegidas-antes-de-2024","status":"publish","type":"post","link":"https:\/\/sertv.gob.pa\/crisolfm\/espana-declarara-9-nuevas-areas-marinas-protegidas-antes-de-2024\/","title":{"rendered":"Espa\u00f1a declarar\u00e1 9 nuevas \u00e1reas marinas protegidas antes de 2024"},"content":{"rendered":"<p>La delegaci\u00f3n espa\u00f1ola en la <strong>Conferencia internacional \u201cOur Ocean<\/strong>\u201d, que se celebra en Oslo, est\u00e1 encabezada por el secretario de Estado de Medio Ambiente en funciones, Hugo Mor\u00e1n<\/p>\n<p>Entre los compromisos est\u00e1 la creaci\u00f3n de estas 9 \u00e1reas marinas protegidas, que se sumar\u00e1n a las cien de competencia estatal que ya existen, y una inversi\u00f3n de 25 millones de euros en los pr\u00f3ximos cuatro a\u00f1os para aumentar el conocimiento cient\u00edfico de nuestros mares.<\/p>\n<p>Estas nuevas \u00e1reas se declarar\u00e1n por h\u00e1bitats y especies marinas de valor excepcional, y vendr\u00e1n a sumarse a las cien de competencia estatal que ya existen en nuestras aguas, y que suponen una superficie protegida de unos 12 millones de hect\u00e1reas, equivalente a m\u00e1s del 12% de nuestros mares.<\/p>\n<p>Las nuevas \u00e1reas protegidas, que ya han sido identificadas dentro del programa Life INTEMARES, pero de las que a\u00fan se tiene que delimitar su superficie, ser\u00e1n: los bancos y gargantas del Mar de Albor\u00e1n; el oeste del Estrecho de Gibraltar; este del LIC \u201cEspacio marino del oriente y sur de Lanzarote y Fuerteventura\u201d; Estrecho de Gibraltar; Islas Chafarinas; costa central catalana; los montes submarinos del sur del Canal de Mallorca; el sistema de ca\u00f1ones submarinos desde Cabo Ti\u00f1oso hasta Cabo de Palos, y el sistema de ca\u00f1ones tributarios de Cap Bret\u00f3n.<\/p>\n<p>ECOticias<\/p>\n","protected":false},"excerpt":{"rendered":"<p>La delegaci\u00f3n espa\u00f1ola en la Conferencia internacional \u201cOur Ocean\u201d, que <a href=\"https:\/\/sertv.gob.pa\/crisolfm\/espana-declarara-9-nuevas-areas-marinas-protegidas-antes-de-2024\/\"> [&#8230;]<\/a><\/p>\n","protected":false},"author":64,"featured_media":23544,"comment_status":"closed","ping_status":"closed","sticky":false,"template":"","format":"standard","meta":{"footnotes":""},"categories":[7],"tags":[],"class_list":["post-23543","post","type-post","status-publish","format-standard","has-post-thumbnail","hentry","category-ecologicas"],"_links":{"self":[{"href":"https:\/\/sertv.gob.pa\/crisolfm\/wp-json\/wp\/v2\/posts\/23543","targetHints":{"allow":["GET"]}}],"collection":[{"href":"https:\/\/sertv.gob.pa\/crisolfm\/wp-json\/wp\/v2\/posts"}],"about":[{"href":"https:\/\/sertv.gob.pa\/crisolfm\/wp-json\/wp\/v2\/types\/post"}],"author":[{"embeddable":true,"href":"https:\/\/sertv.gob.pa\/crisolfm\/wp-json\/wp\/v2\/users\/64"}],"replies":[{"embeddable":true,"href":"https:\/\/sertv.gob.pa\/crisolfm\/wp-json\/wp\/v2\/comments?post=23543"}],"version-history":[{"count":1,"href":"https:\/\/sertv.gob.pa\/crisolfm\/wp-json\/wp\/v2\/posts\/23543\/revisions"}],"predecessor-version":[{"id":23545,"href":"https:\/\/sertv.gob.pa\/crisolfm\/wp-json\/wp\/v2\/posts\/23543\/revisions\/23545"}],"wp:featuredmedia":[{"embeddable":true,"href":"https:\/\/sertv.gob.pa\/crisolfm\/wp-json\/wp\/v2\/media\/23544"}],"wp:attachment":[{"href":"https:\/\/sertv.gob.pa\/crisolfm\/wp-json\/wp\/v2\/media?parent=23543"}],"wp:term":[{"taxonomy":"category","embeddable":true,"href":"https:\/\/sertv.gob.pa\/crisolfm\/wp-json\/wp\/v2\/categories?post=23543"},{"taxonomy":"post_tag","embeddable":true,"href":"https:\/\/sertv.gob.pa\/crisolfm\/wp-json\/wp\/v2\/tags?post=23543"}],"curies":[{"name":"wp","href":"https:\/\/api.w.org\/{rel}","templated":true}]}}