{"id":23549,"date":"2019-10-25T15:27:41","date_gmt":"2019-10-25T15:27:41","guid":{"rendered":"https:\/\/sertv.gob.pa\/crisolfm\/?p=23549"},"modified":"2019-10-25T15:27:41","modified_gmt":"2019-10-25T15:27:41","slug":"barcelona-acogera-a-250-expertos-para-abordar-la-crisis-climatica-en-marzo-de-2020","status":"publish","type":"post","link":"https:\/\/sertv.gob.pa\/crisolfm\/barcelona-acogera-a-250-expertos-para-abordar-la-crisis-climatica-en-marzo-de-2020\/","title":{"rendered":"Barcelona acoger\u00e1 a 250 expertos para abordar la crisis clim\u00e1tica en marzo de 2020"},"content":{"rendered":"<p>Al menos 250 expertos europeos analizar\u00e1n el impacto del cambio clim\u00e1tico en servicios urbanos esenciales como el agua, la energ\u00eda o las telecomunicaciones durante la conferencia &#8216;<strong>Urban Resilience in a Context of Climate Change<\/strong>&#8216; (URCC), que la multinacional Suez organizar\u00e1 en marzo de 2020 en Barcelona. As\u00ed, analizar\u00e1 el impacto del cambio clim\u00e1tico en los servicios esenciales urbanos y tratar\u00e1 de desarrollar herramientas innovadoras para construir ciudades m\u00e1s inteligentes y resistentes.<\/p>\n<p>La conferencia URCC, que se celebrar\u00e1 en Barcelona los d\u00edas<strong> 9 y 10 de marzo de 2020<\/strong>, reunir\u00e1 a representantes de administraciones, academia, empresas y comunidades locales, para debatir diferentes aspectos de la resiliencia urbana y el cambio clim\u00e1tico.<\/p>\n<p>Los temas que analizar\u00e1n son la <strong>evaluaci\u00f3n de peligros y riesgos <\/strong>en servicios urbanos cr\u00edticos; la gesti\u00f3n del riesgo clim\u00e1tico y resistencia en las zonas urbanas; los datos clim\u00e1ticos a los servicios clim\u00e1ticos; pron\u00f3sticos, monitoreo, control en tiempo real y soporte de decisiones.<\/p>\n<p>Asimismo, se estudiar\u00e1n las estrategias de adaptaci\u00f3n y soluciones basadas en la naturaleza para mejorar la resiliencia; las instituciones, gobernanza y planificaci\u00f3n; la financiaci\u00f3n para la resiliencia y la adaptaci\u00f3n al cambio clim\u00e1tico; el compromiso ciudadano y justicia social y la innovaci\u00f3n, la comunicaci\u00f3n e intercambio de datos y la coproducci\u00f3n de conocimiento, soluciones y servicios.<\/p>\n<p>ECOticias<\/p>\n","protected":false},"excerpt":{"rendered":"<p>Al menos 250 expertos europeos analizar\u00e1n el impacto del cambio <a href=\"https:\/\/sertv.gob.pa\/crisolfm\/barcelona-acogera-a-250-expertos-para-abordar-la-crisis-climatica-en-marzo-de-2020\/\"> [&#8230;]<\/a><\/p>\n","protected":false},"author":64,"featured_media":23550,"comment_status":"closed","ping_status":"closed","sticky":false,"template":"","format":"standard","meta":{"footnotes":""},"categories":[7],"tags":[],"class_list":["post-23549","post","type-post","status-publish","format-standard","has-post-thumbnail","hentry","category-ecologicas"],"_links":{"self":[{"href":"https:\/\/sertv.gob.pa\/crisolfm\/wp-json\/wp\/v2\/posts\/23549","targetHints":{"allow":["GET"]}}],"collection":[{"href":"https:\/\/sertv.gob.pa\/crisolfm\/wp-json\/wp\/v2\/posts"}],"about":[{"href":"https:\/\/sertv.gob.pa\/crisolfm\/wp-json\/wp\/v2\/types\/post"}],"author":[{"embeddable":true,"href":"https:\/\/sertv.gob.pa\/crisolfm\/wp-json\/wp\/v2\/users\/64"}],"replies":[{"embeddable":true,"href":"https:\/\/sertv.gob.pa\/crisolfm\/wp-json\/wp\/v2\/comments?post=23549"}],"version-history":[{"count":1,"href":"https:\/\/sertv.gob.pa\/crisolfm\/wp-json\/wp\/v2\/posts\/23549\/revisions"}],"predecessor-version":[{"id":23551,"href":"https:\/\/sertv.gob.pa\/crisolfm\/wp-json\/wp\/v2\/posts\/23549\/revisions\/23551"}],"wp:featuredmedia":[{"embeddable":true,"href":"https:\/\/sertv.gob.pa\/crisolfm\/wp-json\/wp\/v2\/media\/23550"}],"wp:attachment":[{"href":"https:\/\/sertv.gob.pa\/crisolfm\/wp-json\/wp\/v2\/media?parent=23549"}],"wp:term":[{"taxonomy":"category","embeddable":true,"href":"https:\/\/sertv.gob.pa\/crisolfm\/wp-json\/wp\/v2\/categories?post=23549"},{"taxonomy":"post_tag","embeddable":true,"href":"https:\/\/sertv.gob.pa\/crisolfm\/wp-json\/wp\/v2\/tags?post=23549"}],"curies":[{"name":"wp","href":"https:\/\/api.w.org\/{rel}","templated":true}]}}