{"id":23552,"date":"2019-10-25T16:12:53","date_gmt":"2019-10-25T16:12:53","guid":{"rendered":"https:\/\/sertv.gob.pa\/crisolfm\/?p=23552"},"modified":"2019-10-25T16:12:53","modified_gmt":"2019-10-25T16:12:53","slug":"alerta-por-mareas-maximas-en-el-pacifico-advierte-sinaproc","status":"publish","type":"post","link":"https:\/\/sertv.gob.pa\/crisolfm\/alerta-por-mareas-maximas-en-el-pacifico-advierte-sinaproc\/","title":{"rendered":"Alerta por mareas m\u00e1ximas en el Pac\u00edfico, advierte Sinaproc"},"content":{"rendered":"<p>El <strong>Sistema Nacional de Protecci\u00f3n Civil (Sinaproc) <\/strong>emiti\u00f3 un <strong>aviso de prevenci\u00f3n<\/strong> por m\u00e1ximas mareas en el Pac\u00edfico paname\u00f1o, las cuale<strong>s alcanzar\u00e1n hasta 18.4 pies de altura (5.61m).<\/strong> Esta alerta <strong>estar\u00e1 vigente a partir de ma\u00f1ana, s\u00e1bado,<\/strong> a <strong>partir de la 1:44 a.m<\/strong>. hasta <strong>el 1 de noviembre a las 7:00 p.m.<\/strong><\/p>\n<p>El <strong>director general de la instituci\u00f3n, Omar Smith Gallardo<\/strong>, recomend\u00f3 a la<strong> poblaci\u00f3n costera<\/strong> para que sigan<strong> las medidas de prevenci\u00f3n<\/strong>, ya que de coin<strong>cidir la marea alta con las lluvias podr\u00edan incrementar los niveles de los r\u00edos y quebradas<\/strong>, provocando <strong>inundaciones en \u00e1reas de riesgos.<\/strong><\/p>\n<p><strong>Recomendaciones a la poblaci\u00f3n:<\/strong><\/p>\n<p>&#8211; Mantenga vigilado a los ni\u00f1os, adultos mayores y personas con condici\u00f3n de discapacidad.<\/p>\n<p>&#8211; En caso de inundaci\u00f3n, mantenga la calma y llame a las entidades de emergencias.<\/p>\n<p>-Si hay riesgo a inundaciones debe bajar la palanca del panel el\u00e9ctrico de su vivienda y evac\u00fae de inmediato hacia zonas altas y seguras.<\/p>\n<p>&#8211; Las embarcaciones livianas deben utilizar los equipos de navegaci\u00f3n y dispositivos de flotaci\u00f3n personal (chalecos salvavidas), mientras que a los ba\u00f1istas se les recomienda precauci\u00f3n al ingresar al mar.<\/p>\n<p>&nbsp;<\/p>\n","protected":false},"excerpt":{"rendered":"<p>El Sistema Nacional de Protecci\u00f3n Civil (Sinaproc) emiti\u00f3 un aviso <a href=\"https:\/\/sertv.gob.pa\/crisolfm\/alerta-por-mareas-maximas-en-el-pacifico-advierte-sinaproc\/\"> [&#8230;]<\/a><\/p>\n","protected":false},"author":64,"featured_media":23553,"comment_status":"closed","ping_status":"closed","sticky":false,"template":"","format":"standard","meta":{"footnotes":""},"categories":[7],"tags":[],"class_list":["post-23552","post","type-post","status-publish","format-standard","has-post-thumbnail","hentry","category-ecologicas"],"_links":{"self":[{"href":"https:\/\/sertv.gob.pa\/crisolfm\/wp-json\/wp\/v2\/posts\/23552","targetHints":{"allow":["GET"]}}],"collection":[{"href":"https:\/\/sertv.gob.pa\/crisolfm\/wp-json\/wp\/v2\/posts"}],"about":[{"href":"https:\/\/sertv.gob.pa\/crisolfm\/wp-json\/wp\/v2\/types\/post"}],"author":[{"embeddable":true,"href":"https:\/\/sertv.gob.pa\/crisolfm\/wp-json\/wp\/v2\/users\/64"}],"replies":[{"embeddable":true,"href":"https:\/\/sertv.gob.pa\/crisolfm\/wp-json\/wp\/v2\/comments?post=23552"}],"version-history":[{"count":1,"href":"https:\/\/sertv.gob.pa\/crisolfm\/wp-json\/wp\/v2\/posts\/23552\/revisions"}],"predecessor-version":[{"id":23554,"href":"https:\/\/sertv.gob.pa\/crisolfm\/wp-json\/wp\/v2\/posts\/23552\/revisions\/23554"}],"wp:featuredmedia":[{"embeddable":true,"href":"https:\/\/sertv.gob.pa\/crisolfm\/wp-json\/wp\/v2\/media\/23553"}],"wp:attachment":[{"href":"https:\/\/sertv.gob.pa\/crisolfm\/wp-json\/wp\/v2\/media?parent=23552"}],"wp:term":[{"taxonomy":"category","embeddable":true,"href":"https:\/\/sertv.gob.pa\/crisolfm\/wp-json\/wp\/v2\/categories?post=23552"},{"taxonomy":"post_tag","embeddable":true,"href":"https:\/\/sertv.gob.pa\/crisolfm\/wp-json\/wp\/v2\/tags?post=23552"}],"curies":[{"name":"wp","href":"https:\/\/api.w.org\/{rel}","templated":true}]}}