{"id":23562,"date":"2019-10-28T13:34:02","date_gmt":"2019-10-28T13:34:02","guid":{"rendered":"https:\/\/sertv.gob.pa\/crisolfm\/?p=23562"},"modified":"2019-10-28T13:34:02","modified_gmt":"2019-10-28T13:34:02","slug":"los-difuntos-pasean-por-ciudad-de-mexico-en-el-macrodesfile-de-dia-de-muertos","status":"publish","type":"post","link":"https:\/\/sertv.gob.pa\/crisolfm\/los-difuntos-pasean-por-ciudad-de-mexico-en-el-macrodesfile-de-dia-de-muertos\/","title":{"rendered":"Los difuntos pasean por Ciudad de M\u00e9xico en el macrodesfile de D\u00eda de Muertos"},"content":{"rendered":"<p>Frida Kahlo, Cantinflas y Juan Gabriel no dejaron escapar la oportunidad de regresar al mundo de los vivos y se pasearon este domingo por el centro de Ciudad de M\u00e9xico en el macrodesfile anual del D\u00eda de Muertos, que en los \u00faltimos a\u00f1os se ha reinventado como la festividad mexicana m\u00e1s universal. Desde la plaza del Z\u00f3calo, coraz\u00f3n de la capital mexicana, y a lo largo de nueve kil\u00f3metros, miles de personas disfrazadas de muertos desfilaron junto a enormes carrozas y figuras aleg\u00f3ricas cuando queda menos de una semana para que los mexicanos reciban en sus casas a sus seres queridos fallecidos.<\/p>\n<p>\u00abVine al desfile para ense\u00f1ar lo que es la cultura a mis hijos y que vean todo lo que son las tradiciones de nuestro pa\u00eds\u00bb, cont\u00f3 a Efe Oscar, uno de los asistentes al desfile, satisfecho con todas las iniciativas que en los \u00faltimos a\u00f1os han modernizado el D\u00eda de Muertos.<\/p>\n<p>El D\u00eda de Muertos, con sus calaveras, catrinas, coloridos alebrijes (criaturas aleg\u00f3ricas) y flores de cempas\u00fachil, ya forma parte inseparable de la mexicanidad, junto con los tacos, el mariachi y la virgen de la Guadalupe.<\/p>\n<p>EFE<\/p>\n","protected":false},"excerpt":{"rendered":"<p>Frida Kahlo, Cantinflas y Juan Gabriel no dejaron escapar la <a href=\"https:\/\/sertv.gob.pa\/crisolfm\/los-difuntos-pasean-por-ciudad-de-mexico-en-el-macrodesfile-de-dia-de-muertos\/\"> [&#8230;]<\/a><\/p>\n","protected":false},"author":64,"featured_media":23563,"comment_status":"closed","ping_status":"closed","sticky":false,"template":"","format":"standard","meta":{"footnotes":""},"categories":[6],"tags":[],"class_list":["post-23562","post","type-post","status-publish","format-standard","has-post-thumbnail","hentry","category-culturales"],"_links":{"self":[{"href":"https:\/\/sertv.gob.pa\/crisolfm\/wp-json\/wp\/v2\/posts\/23562","targetHints":{"allow":["GET"]}}],"collection":[{"href":"https:\/\/sertv.gob.pa\/crisolfm\/wp-json\/wp\/v2\/posts"}],"about":[{"href":"https:\/\/sertv.gob.pa\/crisolfm\/wp-json\/wp\/v2\/types\/post"}],"author":[{"embeddable":true,"href":"https:\/\/sertv.gob.pa\/crisolfm\/wp-json\/wp\/v2\/users\/64"}],"replies":[{"embeddable":true,"href":"https:\/\/sertv.gob.pa\/crisolfm\/wp-json\/wp\/v2\/comments?post=23562"}],"version-history":[{"count":1,"href":"https:\/\/sertv.gob.pa\/crisolfm\/wp-json\/wp\/v2\/posts\/23562\/revisions"}],"predecessor-version":[{"id":23564,"href":"https:\/\/sertv.gob.pa\/crisolfm\/wp-json\/wp\/v2\/posts\/23562\/revisions\/23564"}],"wp:featuredmedia":[{"embeddable":true,"href":"https:\/\/sertv.gob.pa\/crisolfm\/wp-json\/wp\/v2\/media\/23563"}],"wp:attachment":[{"href":"https:\/\/sertv.gob.pa\/crisolfm\/wp-json\/wp\/v2\/media?parent=23562"}],"wp:term":[{"taxonomy":"category","embeddable":true,"href":"https:\/\/sertv.gob.pa\/crisolfm\/wp-json\/wp\/v2\/categories?post=23562"},{"taxonomy":"post_tag","embeddable":true,"href":"https:\/\/sertv.gob.pa\/crisolfm\/wp-json\/wp\/v2\/tags?post=23562"}],"curies":[{"name":"wp","href":"https:\/\/api.w.org\/{rel}","templated":true}]}}