{"id":23586,"date":"2019-10-28T14:28:07","date_gmt":"2019-10-28T14:28:07","guid":{"rendered":"https:\/\/sertv.gob.pa\/crisolfm\/?p=23586"},"modified":"2019-10-28T14:33:07","modified_gmt":"2019-10-28T14:33:07","slug":"el-agitador-de-conciencias-nuevo-libro-que-relata-cinco-decadas-de-luchas","status":"publish","type":"post","link":"https:\/\/sertv.gob.pa\/crisolfm\/el-agitador-de-conciencias-nuevo-libro-que-relata-cinco-decadas-de-luchas\/","title":{"rendered":"\u201cEl agitador de conciencias\u201d, nuevo libro que relata cinco d\u00e9cadas de luchas"},"content":{"rendered":"<p>El catedr\u00e1tico y abogado Miguel Antonio Bernal Villalaz present\u00f3 su reciente libro \u201cEl agitador de conciencias\u201d. El libro es un testimonio de 5 d\u00e9cadas de actuaci\u00f3n ciudadana por parte del \u201cagitador\u201d.<\/p>\n<p>El doctor Bernal explic\u00f3 que da a conocer situaciones durante y previo al periodo dictactorial, con el fin de que todos los paname\u00f1os saquen las lecciones m\u00e1s provechosas para tener un mejor pa\u00eds. \u00a0Igualmente, busca rendirles honor a todas las personas que han venido luchando porque Panam\u00e1 tenga derechos humanos, libertad y democracia.<\/p>\n<p>Bernal a\u00f1adi\u00f3 que estas p\u00e1ginas har\u00e1n que los j\u00f3venes est\u00e9n en contacto directo con situaciones que, en la mayor\u00eda de los casos, no son conocidas o han sido ocultadas.<\/p>\n<p>&nbsp;<\/p>\n","protected":false},"excerpt":{"rendered":"<p>El catedr\u00e1tico y abogado Miguel Antonio Bernal Villalaz present\u00f3 su <a href=\"https:\/\/sertv.gob.pa\/crisolfm\/el-agitador-de-conciencias-nuevo-libro-que-relata-cinco-decadas-de-luchas\/\"> [&#8230;]<\/a><\/p>\n","protected":false},"author":64,"featured_media":23590,"comment_status":"closed","ping_status":"closed","sticky":false,"template":"","format":"standard","meta":{"footnotes":""},"categories":[6],"tags":[],"class_list":["post-23586","post","type-post","status-publish","format-standard","has-post-thumbnail","hentry","category-culturales"],"_links":{"self":[{"href":"https:\/\/sertv.gob.pa\/crisolfm\/wp-json\/wp\/v2\/posts\/23586","targetHints":{"allow":["GET"]}}],"collection":[{"href":"https:\/\/sertv.gob.pa\/crisolfm\/wp-json\/wp\/v2\/posts"}],"about":[{"href":"https:\/\/sertv.gob.pa\/crisolfm\/wp-json\/wp\/v2\/types\/post"}],"author":[{"embeddable":true,"href":"https:\/\/sertv.gob.pa\/crisolfm\/wp-json\/wp\/v2\/users\/64"}],"replies":[{"embeddable":true,"href":"https:\/\/sertv.gob.pa\/crisolfm\/wp-json\/wp\/v2\/comments?post=23586"}],"version-history":[{"count":1,"href":"https:\/\/sertv.gob.pa\/crisolfm\/wp-json\/wp\/v2\/posts\/23586\/revisions"}],"predecessor-version":[{"id":23588,"href":"https:\/\/sertv.gob.pa\/crisolfm\/wp-json\/wp\/v2\/posts\/23586\/revisions\/23588"}],"wp:featuredmedia":[{"embeddable":true,"href":"https:\/\/sertv.gob.pa\/crisolfm\/wp-json\/wp\/v2\/media\/23590"}],"wp:attachment":[{"href":"https:\/\/sertv.gob.pa\/crisolfm\/wp-json\/wp\/v2\/media?parent=23586"}],"wp:term":[{"taxonomy":"category","embeddable":true,"href":"https:\/\/sertv.gob.pa\/crisolfm\/wp-json\/wp\/v2\/categories?post=23586"},{"taxonomy":"post_tag","embeddable":true,"href":"https:\/\/sertv.gob.pa\/crisolfm\/wp-json\/wp\/v2\/tags?post=23586"}],"curies":[{"name":"wp","href":"https:\/\/api.w.org\/{rel}","templated":true}]}}