{"id":23598,"date":"2019-10-28T15:16:01","date_gmt":"2019-10-28T15:16:01","guid":{"rendered":"https:\/\/sertv.gob.pa\/crisolfm\/?p=23598"},"modified":"2019-10-28T15:16:01","modified_gmt":"2019-10-28T15:16:01","slug":"reabre-la-casa-del-bicentenario-la-ultima-maravilla-de-herculano-rescatada-de-las-cenizas-del-vesubio","status":"publish","type":"post","link":"https:\/\/sertv.gob.pa\/crisolfm\/reabre-la-casa-del-bicentenario-la-ultima-maravilla-de-herculano-rescatada-de-las-cenizas-del-vesubio\/","title":{"rendered":"Reabre la Casa del Bicentenario, la \u00faltima maravilla de Herculano rescatada de las cenizas del Vesubio"},"content":{"rendered":"<p>Es la \u00faltima maravilla recuperada en Herculano, famosa en todo el mundo por las excavaciones arqueol\u00f3gicas de la ciudad romana fundada, seg\u00fan la<strong> leyenda, por H\u00e9rcules<\/strong>, y<strong> destruida por la erupci\u00f3n del Vesubio<\/strong>, al igual que <a href=\"https:\/\/www.abc.es\/cultura\/abci-fresco-pompeya-revela-verdad-sobre-cruentas-luchas-gladiadores-romanos-201910111345_noticia.html\" target=\"_blank\" rel=\"noopener\">Pompeya<\/a>, en el 79 d.C. Se ha abierto al p\u00fablico la<strong> Casa del Bicentenario<\/strong>, cerrada en el 1983, una de las <strong>m\u00e1s suntuosas de la antig\u00fcedad<\/strong>. Con<strong> tres plantas y un total de 600 metros cuadrados<\/strong>, no es de las m\u00e1s grandes, pero s\u00ed es una de las m\u00e1s bellas de <a href=\"https:\/\/www.abc.es\/cultura\/abci-encuentran-manuscrito-perdido-seneca-viejo-201805210958_noticia.html\" target=\"_blank\" rel=\"noopener\">Herculano<\/a>. Es un ejemplo de mobiliario de buen gusto, como una puerta de madera que se encuentra casi intacta.<\/p>\n<p>Se descubri\u00f3 tambi\u00e9n una famosa <strong>\u00abcruz\u00bb<\/strong>, que se lleg\u00f3 a considerar como uno de los<strong> primeros testimonios cristianos<\/strong>, un s\u00edmbolo de la precoz difusi\u00f3n del cristianismo en la \u00e9poca romana. Incluso hoy la Casa del Bicentenario es famosa por el descubrimiento de esa \u00abcruz\u00bb. En realidad,<strong> an\u00e1lisis posteriores establecieron<\/strong>, gracias a una comparaci\u00f3n con otros descubrimientos similares, que se trataba de un soporte de un <strong>estante<\/strong>.<\/p>\n<p>La domus fue construida en<strong> \u00e9poca de Giulio-Claudia<\/strong>, la dinast\u00eda a la que pertenecieron los <strong>primeros cinco emperadores romanos<\/strong> (Augusto, Tiberio, Cal\u00edgula, Claudio y <a href=\"https:\/\/www.abc.es\/viajar\/destinos\/europa\/abci-ocho-plazas-mas-espectaculares-roma-201909080231_noticia.html\" target=\"_blank\" rel=\"noopener\">Ner\u00f3n<\/a>) que gobernaron el imperio entre el 27 a.C y el 68 d.C. Debe su nombre a que fue <strong>excavada<\/strong> justamente<strong> dos siglos despu\u00e9s de las primeras<\/strong> excavaciones de 1738, conducidas por el c\u00e9lebre arque\u00f3logo Amedeo Maiuri. La casa se cerr\u00f3 en el 1983 por su inseguridad, debida a las carencias estructurales.<\/p>\n<p>ABC Cultura<\/p>\n","protected":false},"excerpt":{"rendered":"<p>Es la \u00faltima maravilla recuperada en Herculano, famosa en todo <a href=\"https:\/\/sertv.gob.pa\/crisolfm\/reabre-la-casa-del-bicentenario-la-ultima-maravilla-de-herculano-rescatada-de-las-cenizas-del-vesubio\/\"> [&#8230;]<\/a><\/p>\n","protected":false},"author":64,"featured_media":23599,"comment_status":"closed","ping_status":"closed","sticky":false,"template":"","format":"standard","meta":{"footnotes":""},"categories":[6],"tags":[],"class_list":["post-23598","post","type-post","status-publish","format-standard","has-post-thumbnail","hentry","category-culturales"],"_links":{"self":[{"href":"https:\/\/sertv.gob.pa\/crisolfm\/wp-json\/wp\/v2\/posts\/23598","targetHints":{"allow":["GET"]}}],"collection":[{"href":"https:\/\/sertv.gob.pa\/crisolfm\/wp-json\/wp\/v2\/posts"}],"about":[{"href":"https:\/\/sertv.gob.pa\/crisolfm\/wp-json\/wp\/v2\/types\/post"}],"author":[{"embeddable":true,"href":"https:\/\/sertv.gob.pa\/crisolfm\/wp-json\/wp\/v2\/users\/64"}],"replies":[{"embeddable":true,"href":"https:\/\/sertv.gob.pa\/crisolfm\/wp-json\/wp\/v2\/comments?post=23598"}],"version-history":[{"count":1,"href":"https:\/\/sertv.gob.pa\/crisolfm\/wp-json\/wp\/v2\/posts\/23598\/revisions"}],"predecessor-version":[{"id":23600,"href":"https:\/\/sertv.gob.pa\/crisolfm\/wp-json\/wp\/v2\/posts\/23598\/revisions\/23600"}],"wp:featuredmedia":[{"embeddable":true,"href":"https:\/\/sertv.gob.pa\/crisolfm\/wp-json\/wp\/v2\/media\/23599"}],"wp:attachment":[{"href":"https:\/\/sertv.gob.pa\/crisolfm\/wp-json\/wp\/v2\/media?parent=23598"}],"wp:term":[{"taxonomy":"category","embeddable":true,"href":"https:\/\/sertv.gob.pa\/crisolfm\/wp-json\/wp\/v2\/categories?post=23598"},{"taxonomy":"post_tag","embeddable":true,"href":"https:\/\/sertv.gob.pa\/crisolfm\/wp-json\/wp\/v2\/tags?post=23598"}],"curies":[{"name":"wp","href":"https:\/\/api.w.org\/{rel}","templated":true}]}}